{"id":1378,"date":"2018-03-22T09:40:00","date_gmt":"2018-03-22T09:40:00","guid":{"rendered":"https:\/\/area.owclientes.com.br\/?p=1378"},"modified":"2018-03-22T09:40:00","modified_gmt":"2018-03-22T09:40:00","slug":"feicon-acontece-nos-dias-10-a-13-de-abril","status":"publish","type":"post","link":"https:\/\/area.owclientes.com.br\/?p=1378","title":{"rendered":"FEICON acontece nos dias 10 a 13 de Abril"},"content":{"rendered":"<p>Projete inova&ccedil;&otilde;es, estruture conceitos, construa neg&oacute;cios.<\/p>\n<p>\nCom 24 edi&ccedil;&otilde;es de hist&oacute;ria e vivendo um novo momento, a Feicon Batimat &eacute; o &uacute;nico evento da Am&eacute;rica Latina que proporciona uma vis&atilde;o completa do mix de setores da constru&ccedil;&atilde;o civil e arquitetura, em um s&oacute; lugar.&nbsp;<\/p>\n<p>O evento &eacute; uma refer&ecirc;ncia por ser considerado uma plataforma de inova&ccedil;&atilde;o, conte&uacute;do, neg&oacute;cios&nbsp;e relacionamento para seus milhares de visitantes.<\/p>\n<p>Uma vasta exposi&ccedil;&atilde;o e uma variedade de experi&ecirc;ncias, com foco em neg&oacute;cios, conte&uacute;do, inova&ccedil;&atilde;o e relacionamento, fazem com que a Feicon Batimat seja o in&iacute;cio do calend&aacute;rio da constru&ccedil;&atilde;o civil no pa&iacute;s.<\/p>\n<p>Informa&ccedil;&otilde;es gerais<\/p>\n<p><strong>10 a 13 de abril de 2018<\/strong><br \/>\nTer&ccedil;a a Sexta das 10h &agrave;s 20h<br \/>\nS&atilde;o Paulo Expo &#8211; S&atilde;o Paulo\/SP<br \/>\n&nbsp;<\/p>\n<p>Perspectivas do evento<\/p>\n<p>O novo momento da Feicon Batimat continua tamb&eacute;m em 2018, ainda no S&atilde;o Paulo Expo com a planta 100% setorizada e focada em neg&oacute;cios, conte&uacute;do, inova&ccedil;&atilde;o e relacionamento.<br \/>\n&bull;&nbsp;Mais de&nbsp;<strong>700 expositores<\/strong>&nbsp;nacionais e internacionais.<br \/>\n&bull;&nbsp;<strong>90 mil<\/strong>&nbsp;visitantes\/compradores qualificados.<br \/>\n&bull;&nbsp;<strong>85 mil<\/strong>&nbsp;metros quadrados de exposi&ccedil;&atilde;o.<br \/>\n&bull;&nbsp;Experi&ecirc;ncias&nbsp;<strong>&uacute;nicas<\/strong>&nbsp;para o varejistas\/distribuidores\/atacadistas, engenheiros\/construtores\/gestores de obra e arquitetos\/designers de interiores.`<\/p>\n<p>&nbsp;<\/p>\n<h4>Motivos para visitar<\/h4>\n<p>&bull;&nbsp;Conhe&ccedil;a as novidades e tend&ecirc;ncias do setor em primeira m&atilde;o.<br \/>\n&bull;&nbsp;Participe de experi&ecirc;ncias focadas em conte&uacute;do, neg&oacute;cios, inova&ccedil;&atilde;o e relacionamento.<br \/>\n&bull;&nbsp;Inspire-se com as principais marcas e palestrantes renomados.<br \/>\n&bull;&nbsp;Encontre o parceiro ou fornecedores ideal para o seu neg&oacute;cio.<\/p>\n<p>Maiores informa&ccedil;&otilde;es:<\/p>\n<p>http:\/\/www.feicon.com.br\/<\/p>\n","protected":false},"excerpt":{"rendered":"<p>Projete inova\u00e7\u00f5es, estruture conceitos, construa neg\u00f3cios.<\/p>\n","protected":false},"author":1,"featured_media":1379,"comment_status":"closed","ping_status":"closed","sticky":false,"template":"","format":"standard","meta":{"footnotes":""},"categories":[1],"tags":[],"class_list":["post-1378","post","type-post","status-publish","format-standard","has-post-thumbnail","hentry","category-uncategorized"],"blocksy_meta":{"styles_descriptor":{"styles":{"desktop":"","tablet":"","mobile":""},"google_fonts":[],"version":7}},"yoast_head":"<!-- This site is optimized with the Yoast SEO plugin v28.4 - https:\/\/yoast.com\/product\/yoast-seo-wordpress\/ -->\n<title>FEICON acontece nos dias 10 a 13 de Abril - Area Wordpress<\/title>\n<meta name=\"robots\" content=\"index, follow, max-snippet:-1, max-image-preview:large, max-video-preview:-1\" \/>\n<link rel=\"canonical\" href=\"https:\/\/area.owclientes.com.br\/?p=1378\" \/>\n<meta property=\"og:locale\" content=\"en_US\" \/>\n<meta property=\"og:type\" content=\"article\" \/>\n<meta property=\"og:title\" content=\"FEICON acontece nos dias 10 a 13 de Abril - Area Wordpress\" \/>\n<meta property=\"og:description\" content=\"Projete inova\u00e7\u00f5es, estruture conceitos, construa neg\u00f3cios.\" \/>\n<meta property=\"og:url\" content=\"https:\/\/area.owclientes.com.br\/?p=1378\" \/>\n<meta property=\"og:site_name\" content=\"Area Wordpress\" \/>\n<meta property=\"article:publisher\" content=\"https:\/\/www.facebook.com\/areaavare\" \/>\n<meta property=\"article:published_time\" content=\"2018-03-22T09:40:00+00:00\" \/>\n<meta property=\"og:image\" content=\"https:\/\/area.owclientes.com.br\/wp-content\/uploads\/2018\/03\/feicon-180314-foto-josecordeiro-01671521722466.jpg\" \/>\n\t<meta property=\"og:image:width\" content=\"1200\" \/>\n\t<meta property=\"og:image:height\" content=\"799\" \/>\n\t<meta property=\"og:image:type\" content=\"image\/jpeg\" \/>\n<meta name=\"author\" content=\"admin\" \/>\n<meta name=\"twitter:card\" content=\"summary_large_image\" \/>\n<meta name=\"twitter:label1\" content=\"Written by\" \/>\n\t<meta name=\"twitter:data1\" content=\"admin\" \/>\n\t<meta name=\"twitter:label2\" content=\"Est. reading time\" \/>\n\t<meta name=\"twitter:data2\" content=\"2 minutes\" \/>\n<script type=\"application\/ld+json\" class=\"yoast-schema-graph\">{\"@context\":\"https:\\\/\\\/schema.org\",\"@graph\":[{\"@type\":\"Article\",\"@id\":\"https:\\\/\\\/area.owclientes.com.br\\\/?p=1378#article\",\"isPartOf\":{\"@id\":\"https:\\\/\\\/area.owclientes.com.br\\\/?p=1378\"},\"author\":{\"name\":\"admin\",\"@id\":\"https:\\\/\\\/area.owclientes.com.br\\\/#\\\/schema\\\/person\\\/119c1e190225450f461a971e06122401\"},\"headline\":\"FEICON acontece nos dias 10 a 13 de Abril\",\"datePublished\":\"2018-03-22T09:40:00+00:00\",\"mainEntityOfPage\":{\"@id\":\"https:\\\/\\\/area.owclientes.com.br\\\/?p=1378\"},\"wordCount\":354,\"publisher\":{\"@id\":\"https:\\\/\\\/area.owclientes.com.br\\\/#organization\"},\"image\":{\"@id\":\"https:\\\/\\\/area.owclientes.com.br\\\/?p=1378#primaryimage\"},\"thumbnailUrl\":\"https:\\\/\\\/area.owclientes.com.br\\\/wp-content\\\/uploads\\\/2018\\\/03\\\/feicon-180314-foto-josecordeiro-01671521722466.jpg\",\"inLanguage\":\"en-US\"},{\"@type\":\"WebPage\",\"@id\":\"https:\\\/\\\/area.owclientes.com.br\\\/?p=1378\",\"url\":\"https:\\\/\\\/area.owclientes.com.br\\\/?p=1378\",\"name\":\"FEICON acontece nos dias 10 a 13 de Abril - Area Wordpress\",\"isPartOf\":{\"@id\":\"https:\\\/\\\/area.owclientes.com.br\\\/#website\"},\"primaryImageOfPage\":{\"@id\":\"https:\\\/\\\/area.owclientes.com.br\\\/?p=1378#primaryimage\"},\"image\":{\"@id\":\"https:\\\/\\\/area.owclientes.com.br\\\/?p=1378#primaryimage\"},\"thumbnailUrl\":\"https:\\\/\\\/area.owclientes.com.br\\\/wp-content\\\/uploads\\\/2018\\\/03\\\/feicon-180314-foto-josecordeiro-01671521722466.jpg\",\"datePublished\":\"2018-03-22T09:40:00+00:00\",\"breadcrumb\":{\"@id\":\"https:\\\/\\\/area.owclientes.com.br\\\/?p=1378#breadcrumb\"},\"inLanguage\":\"en-US\",\"potentialAction\":[{\"@type\":\"ReadAction\",\"target\":[\"https:\\\/\\\/area.owclientes.com.br\\\/?p=1378\"]}]},{\"@type\":\"ImageObject\",\"inLanguage\":\"en-US\",\"@id\":\"https:\\\/\\\/area.owclientes.com.br\\\/?p=1378#primaryimage\",\"url\":\"https:\\\/\\\/area.owclientes.com.br\\\/wp-content\\\/uploads\\\/2018\\\/03\\\/feicon-180314-foto-josecordeiro-01671521722466.jpg\",\"contentUrl\":\"https:\\\/\\\/area.owclientes.com.br\\\/wp-content\\\/uploads\\\/2018\\\/03\\\/feicon-180314-foto-josecordeiro-01671521722466.jpg\",\"width\":1200,\"height\":799},{\"@type\":\"BreadcrumbList\",\"@id\":\"https:\\\/\\\/area.owclientes.com.br\\\/?p=1378#breadcrumb\",\"itemListElement\":[{\"@type\":\"ListItem\",\"position\":1,\"name\":\"Home\",\"item\":\"https:\\\/\\\/area.owclientes.com.br\\\/\"},{\"@type\":\"ListItem\",\"position\":2,\"name\":\"FEICON acontece nos dias 10 a 13 de Abril\"}]},{\"@type\":\"WebSite\",\"@id\":\"https:\\\/\\\/area.owclientes.com.br\\\/#website\",\"url\":\"https:\\\/\\\/area.owclientes.com.br\\\/\",\"name\":\"AREA\",\"description\":\"\",\"publisher\":{\"@id\":\"https:\\\/\\\/area.owclientes.com.br\\\/#organization\"},\"potentialAction\":[{\"@type\":\"SearchAction\",\"target\":{\"@type\":\"EntryPoint\",\"urlTemplate\":\"https:\\\/\\\/area.owclientes.com.br\\\/?s={search_term_string}\"},\"query-input\":{\"@type\":\"PropertyValueSpecification\",\"valueRequired\":true,\"valueName\":\"search_term_string\"}}],\"inLanguage\":\"en-US\"},{\"@type\":\"Organization\",\"@id\":\"https:\\\/\\\/area.owclientes.com.br\\\/#organization\",\"name\":\"Associa\u00e7\u00e3o Regional dos Engenheiros, Arquitetos e Agr\u00f4nomos de Avar\u00e9\",\"url\":\"https:\\\/\\\/area.owclientes.com.br\\\/\",\"logo\":{\"@type\":\"ImageObject\",\"inLanguage\":\"en-US\",\"@id\":\"https:\\\/\\\/area.owclientes.com.br\\\/#\\\/schema\\\/logo\\\/image\\\/\",\"url\":\"https:\\\/\\\/area.owclientes.com.br\\\/wp-content\\\/uploads\\\/2026\\\/08\\\/logo.png\",\"contentUrl\":\"https:\\\/\\\/area.owclientes.com.br\\\/wp-content\\\/uploads\\\/2026\\\/08\\\/logo.png\",\"width\":377,\"height\":100,\"caption\":\"Associa\u00e7\u00e3o Regional dos Engenheiros, Arquitetos e Agr\u00f4nomos de Avar\u00e9\"},\"image\":{\"@id\":\"https:\\\/\\\/area.owclientes.com.br\\\/#\\\/schema\\\/logo\\\/image\\\/\"},\"sameAs\":[\"https:\\\/\\\/www.facebook.com\\\/areaavare\",\"https:\\\/\\\/www.instagram.com\\\/areaavare\"]},{\"@type\":\"Person\",\"@id\":\"https:\\\/\\\/area.owclientes.com.br\\\/#\\\/schema\\\/person\\\/119c1e190225450f461a971e06122401\",\"name\":\"admin\",\"image\":{\"@type\":\"ImageObject\",\"inLanguage\":\"en-US\",\"@id\":\"https:\\\/\\\/secure.gravatar.com\\\/avatar\\\/0ef05f73fe6c593570f9c12ab9c253f744e5d40fd789df2e9c9152bb491a5559?s=96&d=mm&r=g\",\"url\":\"https:\\\/\\\/secure.gravatar.com\\\/avatar\\\/0ef05f73fe6c593570f9c12ab9c253f744e5d40fd789df2e9c9152bb491a5559?s=96&d=mm&r=g\",\"contentUrl\":\"https:\\\/\\\/secure.gravatar.com\\\/avatar\\\/0ef05f73fe6c593570f9c12ab9c253f744e5d40fd789df2e9c9152bb491a5559?s=96&d=mm&r=g\",\"caption\":\"admin\"},\"sameAs\":[\"https:\\\/\\\/area.owclientes.com.br\"],\"url\":\"https:\\\/\\\/area.owclientes.com.br\\\/?author=1\"}]}<\/script>\n<!-- \/ Yoast SEO plugin. -->","yoast_head_json":{"title":"FEICON acontece nos dias 10 a 13 de Abril - Area Wordpress","robots":{"index":"index","follow":"follow","max-snippet":"max-snippet:-1","max-image-preview":"max-image-preview:large","max-video-preview":"max-video-preview:-1"},"canonical":"https:\/\/area.owclientes.com.br\/?p=1378","og_locale":"en_US","og_type":"article","og_title":"FEICON acontece nos dias 10 a 13 de Abril - Area Wordpress","og_description":"Projete inova\u00e7\u00f5es, estruture conceitos, construa neg\u00f3cios.","og_url":"https:\/\/area.owclientes.com.br\/?p=1378","og_site_name":"Area Wordpress","article_publisher":"https:\/\/www.facebook.com\/areaavare","article_published_time":"2018-03-22T09:40:00+00:00","og_image":[{"width":1200,"height":799,"url":"https:\/\/area.owclientes.com.br\/wp-content\/uploads\/2018\/03\/feicon-180314-foto-josecordeiro-01671521722466.jpg","type":"image\/jpeg"}],"author":"admin","twitter_card":"summary_large_image","twitter_misc":{"Written by":"admin","Est. reading time":"2 minutes"},"schema":{"@context":"https:\/\/schema.org","@graph":[{"@type":"Article","@id":"https:\/\/area.owclientes.com.br\/?p=1378#article","isPartOf":{"@id":"https:\/\/area.owclientes.com.br\/?p=1378"},"author":{"name":"admin","@id":"https:\/\/area.owclientes.com.br\/#\/schema\/person\/119c1e190225450f461a971e06122401"},"headline":"FEICON acontece nos dias 10 a 13 de Abril","datePublished":"2018-03-22T09:40:00+00:00","mainEntityOfPage":{"@id":"https:\/\/area.owclientes.com.br\/?p=1378"},"wordCount":354,"publisher":{"@id":"https:\/\/area.owclientes.com.br\/#organization"},"image":{"@id":"https:\/\/area.owclientes.com.br\/?p=1378#primaryimage"},"thumbnailUrl":"https:\/\/area.owclientes.com.br\/wp-content\/uploads\/2018\/03\/feicon-180314-foto-josecordeiro-01671521722466.jpg","inLanguage":"en-US"},{"@type":"WebPage","@id":"https:\/\/area.owclientes.com.br\/?p=1378","url":"https:\/\/area.owclientes.com.br\/?p=1378","name":"FEICON acontece nos dias 10 a 13 de Abril - Area Wordpress","isPartOf":{"@id":"https:\/\/area.owclientes.com.br\/#website"},"primaryImageOfPage":{"@id":"https:\/\/area.owclientes.com.br\/?p=1378#primaryimage"},"image":{"@id":"https:\/\/area.owclientes.com.br\/?p=1378#primaryimage"},"thumbnailUrl":"https:\/\/area.owclientes.com.br\/wp-content\/uploads\/2018\/03\/feicon-180314-foto-josecordeiro-01671521722466.jpg","datePublished":"2018-03-22T09:40:00+00:00","breadcrumb":{"@id":"https:\/\/area.owclientes.com.br\/?p=1378#breadcrumb"},"inLanguage":"en-US","potentialAction":[{"@type":"ReadAction","target":["https:\/\/area.owclientes.com.br\/?p=1378"]}]},{"@type":"ImageObject","inLanguage":"en-US","@id":"https:\/\/area.owclientes.com.br\/?p=1378#primaryimage","url":"https:\/\/area.owclientes.com.br\/wp-content\/uploads\/2018\/03\/feicon-180314-foto-josecordeiro-01671521722466.jpg","contentUrl":"https:\/\/area.owclientes.com.br\/wp-content\/uploads\/2018\/03\/feicon-180314-foto-josecordeiro-01671521722466.jpg","width":1200,"height":799},{"@type":"BreadcrumbList","@id":"https:\/\/area.owclientes.com.br\/?p=1378#breadcrumb","itemListElement":[{"@type":"ListItem","position":1,"name":"Home","item":"https:\/\/area.owclientes.com.br\/"},{"@type":"ListItem","position":2,"name":"FEICON acontece nos dias 10 a 13 de Abril"}]},{"@type":"WebSite","@id":"https:\/\/area.owclientes.com.br\/#website","url":"https:\/\/area.owclientes.com.br\/","name":"AREA","description":"","publisher":{"@id":"https:\/\/area.owclientes.com.br\/#organization"},"potentialAction":[{"@type":"SearchAction","target":{"@type":"EntryPoint","urlTemplate":"https:\/\/area.owclientes.com.br\/?s={search_term_string}"},"query-input":{"@type":"PropertyValueSpecification","valueRequired":true,"valueName":"search_term_string"}}],"inLanguage":"en-US"},{"@type":"Organization","@id":"https:\/\/area.owclientes.com.br\/#organization","name":"Associa\u00e7\u00e3o Regional dos Engenheiros, Arquitetos e Agr\u00f4nomos de Avar\u00e9","url":"https:\/\/area.owclientes.com.br\/","logo":{"@type":"ImageObject","inLanguage":"en-US","@id":"https:\/\/area.owclientes.com.br\/#\/schema\/logo\/image\/","url":"https:\/\/area.owclientes.com.br\/wp-content\/uploads\/2026\/08\/logo.png","contentUrl":"https:\/\/area.owclientes.com.br\/wp-content\/uploads\/2026\/08\/logo.png","width":377,"height":100,"caption":"Associa\u00e7\u00e3o Regional dos Engenheiros, Arquitetos e Agr\u00f4nomos de Avar\u00e9"},"image":{"@id":"https:\/\/area.owclientes.com.br\/#\/schema\/logo\/image\/"},"sameAs":["https:\/\/www.facebook.com\/areaavare","https:\/\/www.instagram.com\/areaavare"]},{"@type":"Person","@id":"https:\/\/area.owclientes.com.br\/#\/schema\/person\/119c1e190225450f461a971e06122401","name":"admin","image":{"@type":"ImageObject","inLanguage":"en-US","@id":"https:\/\/secure.gravatar.com\/avatar\/0ef05f73fe6c593570f9c12ab9c253f744e5d40fd789df2e9c9152bb491a5559?s=96&d=mm&r=g","url":"https:\/\/secure.gravatar.com\/avatar\/0ef05f73fe6c593570f9c12ab9c253f744e5d40fd789df2e9c9152bb491a5559?s=96&d=mm&r=g","contentUrl":"https:\/\/secure.gravatar.com\/avatar\/0ef05f73fe6c593570f9c12ab9c253f744e5d40fd789df2e9c9152bb491a5559?s=96&d=mm&r=g","caption":"admin"},"sameAs":["https:\/\/area.owclientes.com.br"],"url":"https:\/\/area.owclientes.com.br\/?author=1"}]}},"_links":{"self":[{"href":"https:\/\/area.owclientes.com.br\/index.php?rest_route=\/wp\/v2\/posts\/1378","targetHints":{"allow":["GET"]}}],"collection":[{"href":"https:\/\/area.owclientes.com.br\/index.php?rest_route=\/wp\/v2\/posts"}],"about":[{"href":"https:\/\/area.owclientes.com.br\/index.php?rest_route=\/wp\/v2\/types\/post"}],"author":[{"embeddable":true,"href":"https:\/\/area.owclientes.com.br\/index.php?rest_route=\/wp\/v2\/users\/1"}],"replies":[{"embeddable":true,"href":"https:\/\/area.owclientes.com.br\/index.php?rest_route=%2Fwp%2Fv2%2Fcomments&post=1378"}],"version-history":[{"count":0,"href":"https:\/\/area.owclientes.com.br\/index.php?rest_route=\/wp\/v2\/posts\/1378\/revisions"}],"wp:featuredmedia":[{"embeddable":true,"href":"https:\/\/area.owclientes.com.br\/index.php?rest_route=\/wp\/v2\/media\/1379"}],"wp:attachment":[{"href":"https:\/\/area.owclientes.com.br\/index.php?rest_route=%2Fwp%2Fv2%2Fmedia&parent=1378"}],"wp:term":[{"taxonomy":"category","embeddable":true,"href":"https:\/\/area.owclientes.com.br\/index.php?rest_route=%2Fwp%2Fv2%2Fcategories&post=1378"},{"taxonomy":"post_tag","embeddable":true,"href":"https:\/\/area.owclientes.com.br\/index.php?rest_route=%2Fwp%2Fv2%2Ftags&post=1378"}],"curies":[{"name":"wp","href":"https:\/\/api.w.org\/{rel}","templated":true}]}}