{"id":1392,"date":"2018-05-02T17:03:00","date_gmt":"2018-05-02T17:03:00","guid":{"rendered":"https:\/\/area.owclientes.com.br\/?p=1392"},"modified":"2018-05-02T17:03:00","modified_gmt":"2018-05-02T17:03:00","slug":"13-feira-internacional-de-tecnologia-e-design-em-vidroevento","status":"publish","type":"post","link":"https:\/\/area.owclientes.com.br\/?p=1392","title":{"rendered":"13\u00aa Feira Internacional de Tecnologia e Design em VidroEvento"},"content":{"rendered":"<p style=\"text-align: justify;\">13&ordf; Feira Internacional de Tecnologia e Design em VidroEvento &eacute; o mais importante do setor vidreiro na Am&eacute;rica do Sul<\/p>\n<p style=\"text-align: justify;\">\nO evento acontece entre os dias 9 e 12 de maio, no S&atilde;o Paulo Expo. O credenciamento &eacute; gratuito e deve ser realizado atrav&eacute;s do site oficial do evento, em www.glassexpo.com.br.<\/p>\n<p style=\"text-align: justify;\">Reunindo diversos expositores do setor de vidra&ccedil;aria, a 13&ordf; edi&ccedil;&atilde;o da Feira Internacional de Tecnologia e Design em Vidro &#8211; Glass South America &#8211; apresentar&aacute; diferentes tipos de vidro, solu&ccedil;&otilde;es e lan&ccedil;amentos do mercado.<\/p>\n<p style=\"text-align: justify;\">Oportunidade para que o engenheiro, arquiteto e vidraceiro possam oferecer produtos novos e solu&ccedil;&otilde;es inteligentes, a feira permitir&aacute; uma ampla vis&atilde;o de mercado, al&eacute;m de produtos resistentes que oferecem confiabilidade aos usu&aacute;rios: os expositores prometem evitar acidentes e manuten&ccedil;&otilde;es desgastantes no futuro.<\/p>\n<p style=\"text-align: justify;\">Entre os expositores mais procurados destacam-se os fabricantes de vidro AGC, Cebrace, Guardian, Saint Gobain e UBV; as ind&uacute;strias de ferragens Alclean, Tec Vidro, Blindex, Glass Pe&ccedil;as, Dorma e Belga Metais; e os processadores e distribuidores, como Divinal, PKO, Unividros e Real Vidros.<\/p>\n<p style=\"text-align: justify;\">Servi&ccedil;o<\/p>\n<p style=\"text-align: justify;\">13&ordf; edi&ccedil;&atilde;o da Glass South America<br \/>\nData: 09 a 12 de maio de 2018<br \/>\nHor&aacute;rio: Dias 09 a 11 das 12h00 &agrave;s 19h00 \/ Dia 12 das 10h00 &agrave;s 17h00<br \/>\nLocal: S&atilde;o Paulo Expo<\/p>\n","protected":false},"excerpt":{"rendered":"<p>o mais importante do setor vidreiro na Am\u00e9rica do Sul<\/p>\n","protected":false},"author":1,"featured_media":1393,"comment_status":"closed","ping_status":"closed","sticky":false,"template":"","format":"standard","meta":{"footnotes":""},"categories":[1],"tags":[],"class_list":["post-1392","post","type-post","status-publish","format-standard","has-post-thumbnail","hentry","category-uncategorized"],"blocksy_meta":{"styles_descriptor":{"styles":{"desktop":"","tablet":"","mobile":""},"google_fonts":[],"version":7}},"yoast_head":"<!-- This site is optimized with the Yoast SEO plugin v28.4 - https:\/\/yoast.com\/product\/yoast-seo-wordpress\/ -->\n<title>13\u00aa Feira Internacional de Tecnologia e Design em VidroEvento - Area Wordpress<\/title>\n<meta name=\"robots\" content=\"index, follow, max-snippet:-1, max-image-preview:large, max-video-preview:-1\" \/>\n<link rel=\"canonical\" href=\"https:\/\/area.owclientes.com.br\/?p=1392\" \/>\n<meta property=\"og:locale\" content=\"en_US\" \/>\n<meta property=\"og:type\" content=\"article\" \/>\n<meta property=\"og:title\" content=\"13\u00aa Feira Internacional de Tecnologia e Design em VidroEvento - Area Wordpress\" \/>\n<meta property=\"og:description\" content=\"o mais importante do setor vidreiro na Am\u00e9rica do Sul\" \/>\n<meta property=\"og:url\" content=\"https:\/\/area.owclientes.com.br\/?p=1392\" \/>\n<meta property=\"og:site_name\" content=\"Area Wordpress\" \/>\n<meta property=\"article:publisher\" content=\"https:\/\/www.facebook.com\/areaavare\" \/>\n<meta property=\"article:published_time\" content=\"2018-05-02T17:03:00+00:00\" \/>\n<meta property=\"og:image\" content=\"https:\/\/area.owclientes.com.br\/wp-content\/uploads\/2018\/05\/glass-south-america-tecnologia-em-vidro-20181525291434.jpg\" \/>\n\t<meta property=\"og:image:width\" content=\"1200\" \/>\n\t<meta property=\"og:image:height\" content=\"782\" \/>\n\t<meta property=\"og:image:type\" content=\"image\/jpeg\" \/>\n<meta name=\"author\" content=\"admin\" \/>\n<meta name=\"twitter:card\" content=\"summary_large_image\" \/>\n<meta name=\"twitter:label1\" content=\"Written by\" \/>\n\t<meta name=\"twitter:data1\" content=\"admin\" \/>\n\t<meta name=\"twitter:label2\" content=\"Est. reading time\" \/>\n\t<meta name=\"twitter:data2\" content=\"1 minute\" \/>\n<script type=\"application\/ld+json\" class=\"yoast-schema-graph\">{\"@context\":\"https:\\\/\\\/schema.org\",\"@graph\":[{\"@type\":\"Article\",\"@id\":\"https:\\\/\\\/area.owclientes.com.br\\\/?p=1392#article\",\"isPartOf\":{\"@id\":\"https:\\\/\\\/area.owclientes.com.br\\\/?p=1392\"},\"author\":{\"name\":\"admin\",\"@id\":\"https:\\\/\\\/area.owclientes.com.br\\\/#\\\/schema\\\/person\\\/119c1e190225450f461a971e06122401\"},\"headline\":\"13\u00aa Feira Internacional de Tecnologia e Design em VidroEvento\",\"datePublished\":\"2018-05-02T17:03:00+00:00\",\"mainEntityOfPage\":{\"@id\":\"https:\\\/\\\/area.owclientes.com.br\\\/?p=1392\"},\"wordCount\":252,\"publisher\":{\"@id\":\"https:\\\/\\\/area.owclientes.com.br\\\/#organization\"},\"image\":{\"@id\":\"https:\\\/\\\/area.owclientes.com.br\\\/?p=1392#primaryimage\"},\"thumbnailUrl\":\"https:\\\/\\\/area.owclientes.com.br\\\/wp-content\\\/uploads\\\/2018\\\/05\\\/glass-south-america-tecnologia-em-vidro-20181525291434.jpg\",\"inLanguage\":\"en-US\"},{\"@type\":\"WebPage\",\"@id\":\"https:\\\/\\\/area.owclientes.com.br\\\/?p=1392\",\"url\":\"https:\\\/\\\/area.owclientes.com.br\\\/?p=1392\",\"name\":\"13\u00aa Feira Internacional de Tecnologia e Design em VidroEvento - Area Wordpress\",\"isPartOf\":{\"@id\":\"https:\\\/\\\/area.owclientes.com.br\\\/#website\"},\"primaryImageOfPage\":{\"@id\":\"https:\\\/\\\/area.owclientes.com.br\\\/?p=1392#primaryimage\"},\"image\":{\"@id\":\"https:\\\/\\\/area.owclientes.com.br\\\/?p=1392#primaryimage\"},\"thumbnailUrl\":\"https:\\\/\\\/area.owclientes.com.br\\\/wp-content\\\/uploads\\\/2018\\\/05\\\/glass-south-america-tecnologia-em-vidro-20181525291434.jpg\",\"datePublished\":\"2018-05-02T17:03:00+00:00\",\"breadcrumb\":{\"@id\":\"https:\\\/\\\/area.owclientes.com.br\\\/?p=1392#breadcrumb\"},\"inLanguage\":\"en-US\",\"potentialAction\":[{\"@type\":\"ReadAction\",\"target\":[\"https:\\\/\\\/area.owclientes.com.br\\\/?p=1392\"]}]},{\"@type\":\"ImageObject\",\"inLanguage\":\"en-US\",\"@id\":\"https:\\\/\\\/area.owclientes.com.br\\\/?p=1392#primaryimage\",\"url\":\"https:\\\/\\\/area.owclientes.com.br\\\/wp-content\\\/uploads\\\/2018\\\/05\\\/glass-south-america-tecnologia-em-vidro-20181525291434.jpg\",\"contentUrl\":\"https:\\\/\\\/area.owclientes.com.br\\\/wp-content\\\/uploads\\\/2018\\\/05\\\/glass-south-america-tecnologia-em-vidro-20181525291434.jpg\",\"width\":1200,\"height\":782},{\"@type\":\"BreadcrumbList\",\"@id\":\"https:\\\/\\\/area.owclientes.com.br\\\/?p=1392#breadcrumb\",\"itemListElement\":[{\"@type\":\"ListItem\",\"position\":1,\"name\":\"Home\",\"item\":\"https:\\\/\\\/area.owclientes.com.br\\\/\"},{\"@type\":\"ListItem\",\"position\":2,\"name\":\"13\u00aa Feira Internacional de Tecnologia e Design em VidroEvento\"}]},{\"@type\":\"WebSite\",\"@id\":\"https:\\\/\\\/area.owclientes.com.br\\\/#website\",\"url\":\"https:\\\/\\\/area.owclientes.com.br\\\/\",\"name\":\"AREA\",\"description\":\"\",\"publisher\":{\"@id\":\"https:\\\/\\\/area.owclientes.com.br\\\/#organization\"},\"potentialAction\":[{\"@type\":\"SearchAction\",\"target\":{\"@type\":\"EntryPoint\",\"urlTemplate\":\"https:\\\/\\\/area.owclientes.com.br\\\/?s={search_term_string}\"},\"query-input\":{\"@type\":\"PropertyValueSpecification\",\"valueRequired\":true,\"valueName\":\"search_term_string\"}}],\"inLanguage\":\"en-US\"},{\"@type\":\"Organization\",\"@id\":\"https:\\\/\\\/area.owclientes.com.br\\\/#organization\",\"name\":\"Associa\u00e7\u00e3o Regional dos Engenheiros, Arquitetos e Agr\u00f4nomos de Avar\u00e9\",\"url\":\"https:\\\/\\\/area.owclientes.com.br\\\/\",\"logo\":{\"@type\":\"ImageObject\",\"inLanguage\":\"en-US\",\"@id\":\"https:\\\/\\\/area.owclientes.com.br\\\/#\\\/schema\\\/logo\\\/image\\\/\",\"url\":\"https:\\\/\\\/area.owclientes.com.br\\\/wp-content\\\/uploads\\\/2026\\\/08\\\/logo.png\",\"contentUrl\":\"https:\\\/\\\/area.owclientes.com.br\\\/wp-content\\\/uploads\\\/2026\\\/08\\\/logo.png\",\"width\":377,\"height\":100,\"caption\":\"Associa\u00e7\u00e3o Regional dos Engenheiros, Arquitetos e Agr\u00f4nomos de Avar\u00e9\"},\"image\":{\"@id\":\"https:\\\/\\\/area.owclientes.com.br\\\/#\\\/schema\\\/logo\\\/image\\\/\"},\"sameAs\":[\"https:\\\/\\\/www.facebook.com\\\/areaavare\",\"https:\\\/\\\/www.instagram.com\\\/areaavare\"]},{\"@type\":\"Person\",\"@id\":\"https:\\\/\\\/area.owclientes.com.br\\\/#\\\/schema\\\/person\\\/119c1e190225450f461a971e06122401\",\"name\":\"admin\",\"image\":{\"@type\":\"ImageObject\",\"inLanguage\":\"en-US\",\"@id\":\"https:\\\/\\\/secure.gravatar.com\\\/avatar\\\/0ef05f73fe6c593570f9c12ab9c253f744e5d40fd789df2e9c9152bb491a5559?s=96&d=mm&r=g\",\"url\":\"https:\\\/\\\/secure.gravatar.com\\\/avatar\\\/0ef05f73fe6c593570f9c12ab9c253f744e5d40fd789df2e9c9152bb491a5559?s=96&d=mm&r=g\",\"contentUrl\":\"https:\\\/\\\/secure.gravatar.com\\\/avatar\\\/0ef05f73fe6c593570f9c12ab9c253f744e5d40fd789df2e9c9152bb491a5559?s=96&d=mm&r=g\",\"caption\":\"admin\"},\"sameAs\":[\"https:\\\/\\\/area.owclientes.com.br\"],\"url\":\"https:\\\/\\\/area.owclientes.com.br\\\/?author=1\"}]}<\/script>\n<!-- \/ Yoast SEO plugin. -->","yoast_head_json":{"title":"13\u00aa Feira Internacional de Tecnologia e Design em VidroEvento - Area Wordpress","robots":{"index":"index","follow":"follow","max-snippet":"max-snippet:-1","max-image-preview":"max-image-preview:large","max-video-preview":"max-video-preview:-1"},"canonical":"https:\/\/area.owclientes.com.br\/?p=1392","og_locale":"en_US","og_type":"article","og_title":"13\u00aa Feira Internacional de Tecnologia e Design em VidroEvento - Area Wordpress","og_description":"o mais importante do setor vidreiro na Am\u00e9rica do Sul","og_url":"https:\/\/area.owclientes.com.br\/?p=1392","og_site_name":"Area Wordpress","article_publisher":"https:\/\/www.facebook.com\/areaavare","article_published_time":"2018-05-02T17:03:00+00:00","og_image":[{"width":1200,"height":782,"url":"https:\/\/area.owclientes.com.br\/wp-content\/uploads\/2018\/05\/glass-south-america-tecnologia-em-vidro-20181525291434.jpg","type":"image\/jpeg"}],"author":"admin","twitter_card":"summary_large_image","twitter_misc":{"Written by":"admin","Est. reading time":"1 minute"},"schema":{"@context":"https:\/\/schema.org","@graph":[{"@type":"Article","@id":"https:\/\/area.owclientes.com.br\/?p=1392#article","isPartOf":{"@id":"https:\/\/area.owclientes.com.br\/?p=1392"},"author":{"name":"admin","@id":"https:\/\/area.owclientes.com.br\/#\/schema\/person\/119c1e190225450f461a971e06122401"},"headline":"13\u00aa Feira Internacional de Tecnologia e Design em VidroEvento","datePublished":"2018-05-02T17:03:00+00:00","mainEntityOfPage":{"@id":"https:\/\/area.owclientes.com.br\/?p=1392"},"wordCount":252,"publisher":{"@id":"https:\/\/area.owclientes.com.br\/#organization"},"image":{"@id":"https:\/\/area.owclientes.com.br\/?p=1392#primaryimage"},"thumbnailUrl":"https:\/\/area.owclientes.com.br\/wp-content\/uploads\/2018\/05\/glass-south-america-tecnologia-em-vidro-20181525291434.jpg","inLanguage":"en-US"},{"@type":"WebPage","@id":"https:\/\/area.owclientes.com.br\/?p=1392","url":"https:\/\/area.owclientes.com.br\/?p=1392","name":"13\u00aa Feira Internacional de Tecnologia e Design em VidroEvento - Area Wordpress","isPartOf":{"@id":"https:\/\/area.owclientes.com.br\/#website"},"primaryImageOfPage":{"@id":"https:\/\/area.owclientes.com.br\/?p=1392#primaryimage"},"image":{"@id":"https:\/\/area.owclientes.com.br\/?p=1392#primaryimage"},"thumbnailUrl":"https:\/\/area.owclientes.com.br\/wp-content\/uploads\/2018\/05\/glass-south-america-tecnologia-em-vidro-20181525291434.jpg","datePublished":"2018-05-02T17:03:00+00:00","breadcrumb":{"@id":"https:\/\/area.owclientes.com.br\/?p=1392#breadcrumb"},"inLanguage":"en-US","potentialAction":[{"@type":"ReadAction","target":["https:\/\/area.owclientes.com.br\/?p=1392"]}]},{"@type":"ImageObject","inLanguage":"en-US","@id":"https:\/\/area.owclientes.com.br\/?p=1392#primaryimage","url":"https:\/\/area.owclientes.com.br\/wp-content\/uploads\/2018\/05\/glass-south-america-tecnologia-em-vidro-20181525291434.jpg","contentUrl":"https:\/\/area.owclientes.com.br\/wp-content\/uploads\/2018\/05\/glass-south-america-tecnologia-em-vidro-20181525291434.jpg","width":1200,"height":782},{"@type":"BreadcrumbList","@id":"https:\/\/area.owclientes.com.br\/?p=1392#breadcrumb","itemListElement":[{"@type":"ListItem","position":1,"name":"Home","item":"https:\/\/area.owclientes.com.br\/"},{"@type":"ListItem","position":2,"name":"13\u00aa Feira Internacional de Tecnologia e Design em VidroEvento"}]},{"@type":"WebSite","@id":"https:\/\/area.owclientes.com.br\/#website","url":"https:\/\/area.owclientes.com.br\/","name":"AREA","description":"","publisher":{"@id":"https:\/\/area.owclientes.com.br\/#organization"},"potentialAction":[{"@type":"SearchAction","target":{"@type":"EntryPoint","urlTemplate":"https:\/\/area.owclientes.com.br\/?s={search_term_string}"},"query-input":{"@type":"PropertyValueSpecification","valueRequired":true,"valueName":"search_term_string"}}],"inLanguage":"en-US"},{"@type":"Organization","@id":"https:\/\/area.owclientes.com.br\/#organization","name":"Associa\u00e7\u00e3o Regional dos Engenheiros, Arquitetos e Agr\u00f4nomos de Avar\u00e9","url":"https:\/\/area.owclientes.com.br\/","logo":{"@type":"ImageObject","inLanguage":"en-US","@id":"https:\/\/area.owclientes.com.br\/#\/schema\/logo\/image\/","url":"https:\/\/area.owclientes.com.br\/wp-content\/uploads\/2026\/08\/logo.png","contentUrl":"https:\/\/area.owclientes.com.br\/wp-content\/uploads\/2026\/08\/logo.png","width":377,"height":100,"caption":"Associa\u00e7\u00e3o Regional dos Engenheiros, Arquitetos e Agr\u00f4nomos de Avar\u00e9"},"image":{"@id":"https:\/\/area.owclientes.com.br\/#\/schema\/logo\/image\/"},"sameAs":["https:\/\/www.facebook.com\/areaavare","https:\/\/www.instagram.com\/areaavare"]},{"@type":"Person","@id":"https:\/\/area.owclientes.com.br\/#\/schema\/person\/119c1e190225450f461a971e06122401","name":"admin","image":{"@type":"ImageObject","inLanguage":"en-US","@id":"https:\/\/secure.gravatar.com\/avatar\/0ef05f73fe6c593570f9c12ab9c253f744e5d40fd789df2e9c9152bb491a5559?s=96&d=mm&r=g","url":"https:\/\/secure.gravatar.com\/avatar\/0ef05f73fe6c593570f9c12ab9c253f744e5d40fd789df2e9c9152bb491a5559?s=96&d=mm&r=g","contentUrl":"https:\/\/secure.gravatar.com\/avatar\/0ef05f73fe6c593570f9c12ab9c253f744e5d40fd789df2e9c9152bb491a5559?s=96&d=mm&r=g","caption":"admin"},"sameAs":["https:\/\/area.owclientes.com.br"],"url":"https:\/\/area.owclientes.com.br\/?author=1"}]}},"_links":{"self":[{"href":"https:\/\/area.owclientes.com.br\/index.php?rest_route=\/wp\/v2\/posts\/1392","targetHints":{"allow":["GET"]}}],"collection":[{"href":"https:\/\/area.owclientes.com.br\/index.php?rest_route=\/wp\/v2\/posts"}],"about":[{"href":"https:\/\/area.owclientes.com.br\/index.php?rest_route=\/wp\/v2\/types\/post"}],"author":[{"embeddable":true,"href":"https:\/\/area.owclientes.com.br\/index.php?rest_route=\/wp\/v2\/users\/1"}],"replies":[{"embeddable":true,"href":"https:\/\/area.owclientes.com.br\/index.php?rest_route=%2Fwp%2Fv2%2Fcomments&post=1392"}],"version-history":[{"count":0,"href":"https:\/\/area.owclientes.com.br\/index.php?rest_route=\/wp\/v2\/posts\/1392\/revisions"}],"wp:featuredmedia":[{"embeddable":true,"href":"https:\/\/area.owclientes.com.br\/index.php?rest_route=\/wp\/v2\/media\/1393"}],"wp:attachment":[{"href":"https:\/\/area.owclientes.com.br\/index.php?rest_route=%2Fwp%2Fv2%2Fmedia&parent=1392"}],"wp:term":[{"taxonomy":"category","embeddable":true,"href":"https:\/\/area.owclientes.com.br\/index.php?rest_route=%2Fwp%2Fv2%2Fcategories&post=1392"},{"taxonomy":"post_tag","embeddable":true,"href":"https:\/\/area.owclientes.com.br\/index.php?rest_route=%2Fwp%2Fv2%2Ftags&post=1392"}],"curies":[{"name":"wp","href":"https:\/\/api.w.org\/{rel}","templated":true}]}}