{"id":2085,"date":"2021-11-23T13:41:00","date_gmt":"2021-11-23T13:41:00","guid":{"rendered":"https:\/\/area.owclientes.com.br\/?p=2085"},"modified":"2021-11-23T13:41:00","modified_gmt":"2021-11-23T13:41:00","slug":"xii-encontro-estadual-crea-sp-jovem","status":"publish","type":"post","link":"https:\/\/area.owclientes.com.br\/?p=2085","title":{"rendered":"XII Encontro Estadual Crea-SP Jovem"},"content":{"rendered":"<p>Acontece no dia 04 de dezembro a edi&ccedil;&atilde;o de 2021 do CREA-SP Jovem! A AEAT ir&aacute; oferecer aos interessados transporte gratuito.<\/p>\n<p>Fa&ccedil;a sua reserva, pois as vagas s&atilde;o limitadas. Tema do evento: &quot;O modelo de trabalho das startups est&aacute; renovando o mercado.<\/p>\n<p>No Crea SP-Jovem, vamos trazer profissionais e cases de sucesso para estimular o perfil empreendedor e de inova&ccedil;&atilde;o, caracter&iacute;sticas relacionadas diretamente a essa nova forma de atuar no mundo dos neg&oacute;cios&quot;.<\/p>\n<p>Inscreva-se gratuitamente em <a href=\"https:\/\/www.sympla.com.br\/evento\/xii-encontro-estadual-crea-sp-jovem\/1413630\" target=\"_blank\">https:\/\/www.sympla.com.br\/evento\/xii-encontro-estadual-crea-sp-jovem\/1413630<\/a><\/p>\n","protected":false},"excerpt":{"rendered":"<p>Evento presencial em CREA-SP Espa\u00e7o T\u00e9cnico Cultural, S\u00e3o Paulo &#8211; SP<\/p>\n","protected":false},"author":1,"featured_media":2086,"comment_status":"closed","ping_status":"closed","sticky":false,"template":"","format":"standard","meta":{"footnotes":""},"categories":[1],"tags":[],"class_list":["post-2085","post","type-post","status-publish","format-standard","has-post-thumbnail","hentry","category-uncategorized"],"blocksy_meta":{"styles_descriptor":{"styles":{"desktop":"","tablet":"","mobile":""},"google_fonts":[],"version":7}},"yoast_head":"<!-- This site is optimized with the Yoast SEO plugin v28.4 - https:\/\/yoast.com\/product\/yoast-seo-wordpress\/ -->\n<title>XII Encontro Estadual Crea-SP Jovem - Area Wordpress<\/title>\n<meta name=\"robots\" content=\"index, follow, max-snippet:-1, max-image-preview:large, max-video-preview:-1\" \/>\n<link rel=\"canonical\" href=\"https:\/\/area.owclientes.com.br\/?p=2085\" \/>\n<meta property=\"og:locale\" content=\"en_US\" \/>\n<meta property=\"og:type\" content=\"article\" \/>\n<meta property=\"og:title\" content=\"XII Encontro Estadual Crea-SP Jovem - Area Wordpress\" \/>\n<meta property=\"og:description\" content=\"Evento presencial em CREA-SP Espa\u00e7o T\u00e9cnico Cultural, S\u00e3o Paulo - SP\" \/>\n<meta property=\"og:url\" content=\"https:\/\/area.owclientes.com.br\/?p=2085\" \/>\n<meta property=\"og:site_name\" content=\"Area Wordpress\" \/>\n<meta property=\"article:publisher\" content=\"https:\/\/www.facebook.com\/areaavare\" \/>\n<meta property=\"article:published_time\" content=\"2021-11-23T13:41:00+00:00\" \/>\n<meta property=\"og:image\" content=\"https:\/\/area.owclientes.com.br\/wp-content\/uploads\/2021\/11\/jovem1637686192.jpeg\" \/>\n\t<meta property=\"og:image:width\" content=\"1200\" \/>\n\t<meta property=\"og:image:height\" content=\"1200\" \/>\n\t<meta property=\"og:image:type\" content=\"image\/jpeg\" \/>\n<meta name=\"author\" content=\"admin\" \/>\n<meta name=\"twitter:card\" content=\"summary_large_image\" \/>\n<meta name=\"twitter:label1\" content=\"Written by\" \/>\n\t<meta name=\"twitter:data1\" content=\"admin\" \/>\n<script type=\"application\/ld+json\" class=\"yoast-schema-graph\">{\"@context\":\"https:\\\/\\\/schema.org\",\"@graph\":[{\"@type\":\"Article\",\"@id\":\"https:\\\/\\\/area.owclientes.com.br\\\/?p=2085#article\",\"isPartOf\":{\"@id\":\"https:\\\/\\\/area.owclientes.com.br\\\/?p=2085\"},\"author\":{\"name\":\"admin\",\"@id\":\"https:\\\/\\\/area.owclientes.com.br\\\/#\\\/schema\\\/person\\\/119c1e190225450f461a971e06122401\"},\"headline\":\"XII Encontro Estadual Crea-SP Jovem\",\"datePublished\":\"2021-11-23T13:41:00+00:00\",\"mainEntityOfPage\":{\"@id\":\"https:\\\/\\\/area.owclientes.com.br\\\/?p=2085\"},\"wordCount\":104,\"publisher\":{\"@id\":\"https:\\\/\\\/area.owclientes.com.br\\\/#organization\"},\"image\":{\"@id\":\"https:\\\/\\\/area.owclientes.com.br\\\/?p=2085#primaryimage\"},\"thumbnailUrl\":\"https:\\\/\\\/area.owclientes.com.br\\\/wp-content\\\/uploads\\\/2021\\\/11\\\/jovem1637686192.jpeg\",\"inLanguage\":\"en-US\"},{\"@type\":\"WebPage\",\"@id\":\"https:\\\/\\\/area.owclientes.com.br\\\/?p=2085\",\"url\":\"https:\\\/\\\/area.owclientes.com.br\\\/?p=2085\",\"name\":\"XII Encontro Estadual Crea-SP Jovem - Area Wordpress\",\"isPartOf\":{\"@id\":\"https:\\\/\\\/area.owclientes.com.br\\\/#website\"},\"primaryImageOfPage\":{\"@id\":\"https:\\\/\\\/area.owclientes.com.br\\\/?p=2085#primaryimage\"},\"image\":{\"@id\":\"https:\\\/\\\/area.owclientes.com.br\\\/?p=2085#primaryimage\"},\"thumbnailUrl\":\"https:\\\/\\\/area.owclientes.com.br\\\/wp-content\\\/uploads\\\/2021\\\/11\\\/jovem1637686192.jpeg\",\"datePublished\":\"2021-11-23T13:41:00+00:00\",\"breadcrumb\":{\"@id\":\"https:\\\/\\\/area.owclientes.com.br\\\/?p=2085#breadcrumb\"},\"inLanguage\":\"en-US\",\"potentialAction\":[{\"@type\":\"ReadAction\",\"target\":[\"https:\\\/\\\/area.owclientes.com.br\\\/?p=2085\"]}]},{\"@type\":\"ImageObject\",\"inLanguage\":\"en-US\",\"@id\":\"https:\\\/\\\/area.owclientes.com.br\\\/?p=2085#primaryimage\",\"url\":\"https:\\\/\\\/area.owclientes.com.br\\\/wp-content\\\/uploads\\\/2021\\\/11\\\/jovem1637686192.jpeg\",\"contentUrl\":\"https:\\\/\\\/area.owclientes.com.br\\\/wp-content\\\/uploads\\\/2021\\\/11\\\/jovem1637686192.jpeg\",\"width\":1200,\"height\":1200},{\"@type\":\"BreadcrumbList\",\"@id\":\"https:\\\/\\\/area.owclientes.com.br\\\/?p=2085#breadcrumb\",\"itemListElement\":[{\"@type\":\"ListItem\",\"position\":1,\"name\":\"Home\",\"item\":\"https:\\\/\\\/area.owclientes.com.br\\\/\"},{\"@type\":\"ListItem\",\"position\":2,\"name\":\"XII Encontro Estadual Crea-SP Jovem\"}]},{\"@type\":\"WebSite\",\"@id\":\"https:\\\/\\\/area.owclientes.com.br\\\/#website\",\"url\":\"https:\\\/\\\/area.owclientes.com.br\\\/\",\"name\":\"AREA\",\"description\":\"\",\"publisher\":{\"@id\":\"https:\\\/\\\/area.owclientes.com.br\\\/#organization\"},\"potentialAction\":[{\"@type\":\"SearchAction\",\"target\":{\"@type\":\"EntryPoint\",\"urlTemplate\":\"https:\\\/\\\/area.owclientes.com.br\\\/?s={search_term_string}\"},\"query-input\":{\"@type\":\"PropertyValueSpecification\",\"valueRequired\":true,\"valueName\":\"search_term_string\"}}],\"inLanguage\":\"en-US\"},{\"@type\":\"Organization\",\"@id\":\"https:\\\/\\\/area.owclientes.com.br\\\/#organization\",\"name\":\"Associa\u00e7\u00e3o Regional dos Engenheiros, Arquitetos e Agr\u00f4nomos de Avar\u00e9\",\"url\":\"https:\\\/\\\/area.owclientes.com.br\\\/\",\"logo\":{\"@type\":\"ImageObject\",\"inLanguage\":\"en-US\",\"@id\":\"https:\\\/\\\/area.owclientes.com.br\\\/#\\\/schema\\\/logo\\\/image\\\/\",\"url\":\"https:\\\/\\\/area.owclientes.com.br\\\/wp-content\\\/uploads\\\/2026\\\/08\\\/logo.png\",\"contentUrl\":\"https:\\\/\\\/area.owclientes.com.br\\\/wp-content\\\/uploads\\\/2026\\\/08\\\/logo.png\",\"width\":377,\"height\":100,\"caption\":\"Associa\u00e7\u00e3o Regional dos Engenheiros, Arquitetos e Agr\u00f4nomos de Avar\u00e9\"},\"image\":{\"@id\":\"https:\\\/\\\/area.owclientes.com.br\\\/#\\\/schema\\\/logo\\\/image\\\/\"},\"sameAs\":[\"https:\\\/\\\/www.facebook.com\\\/areaavare\",\"https:\\\/\\\/www.instagram.com\\\/areaavare\"]},{\"@type\":\"Person\",\"@id\":\"https:\\\/\\\/area.owclientes.com.br\\\/#\\\/schema\\\/person\\\/119c1e190225450f461a971e06122401\",\"name\":\"admin\",\"image\":{\"@type\":\"ImageObject\",\"inLanguage\":\"en-US\",\"@id\":\"https:\\\/\\\/secure.gravatar.com\\\/avatar\\\/0ef05f73fe6c593570f9c12ab9c253f744e5d40fd789df2e9c9152bb491a5559?s=96&d=mm&r=g\",\"url\":\"https:\\\/\\\/secure.gravatar.com\\\/avatar\\\/0ef05f73fe6c593570f9c12ab9c253f744e5d40fd789df2e9c9152bb491a5559?s=96&d=mm&r=g\",\"contentUrl\":\"https:\\\/\\\/secure.gravatar.com\\\/avatar\\\/0ef05f73fe6c593570f9c12ab9c253f744e5d40fd789df2e9c9152bb491a5559?s=96&d=mm&r=g\",\"caption\":\"admin\"},\"sameAs\":[\"https:\\\/\\\/area.owclientes.com.br\"],\"url\":\"https:\\\/\\\/area.owclientes.com.br\\\/?author=1\"}]}<\/script>\n<!-- \/ Yoast SEO plugin. -->","yoast_head_json":{"title":"XII Encontro Estadual Crea-SP Jovem - Area Wordpress","robots":{"index":"index","follow":"follow","max-snippet":"max-snippet:-1","max-image-preview":"max-image-preview:large","max-video-preview":"max-video-preview:-1"},"canonical":"https:\/\/area.owclientes.com.br\/?p=2085","og_locale":"en_US","og_type":"article","og_title":"XII Encontro Estadual Crea-SP Jovem - Area Wordpress","og_description":"Evento presencial em CREA-SP Espa\u00e7o T\u00e9cnico Cultural, S\u00e3o Paulo - SP","og_url":"https:\/\/area.owclientes.com.br\/?p=2085","og_site_name":"Area Wordpress","article_publisher":"https:\/\/www.facebook.com\/areaavare","article_published_time":"2021-11-23T13:41:00+00:00","og_image":[{"width":1200,"height":1200,"url":"https:\/\/area.owclientes.com.br\/wp-content\/uploads\/2021\/11\/jovem1637686192.jpeg","type":"image\/jpeg"}],"author":"admin","twitter_card":"summary_large_image","twitter_misc":{"Written by":"admin"},"schema":{"@context":"https:\/\/schema.org","@graph":[{"@type":"Article","@id":"https:\/\/area.owclientes.com.br\/?p=2085#article","isPartOf":{"@id":"https:\/\/area.owclientes.com.br\/?p=2085"},"author":{"name":"admin","@id":"https:\/\/area.owclientes.com.br\/#\/schema\/person\/119c1e190225450f461a971e06122401"},"headline":"XII Encontro Estadual Crea-SP Jovem","datePublished":"2021-11-23T13:41:00+00:00","mainEntityOfPage":{"@id":"https:\/\/area.owclientes.com.br\/?p=2085"},"wordCount":104,"publisher":{"@id":"https:\/\/area.owclientes.com.br\/#organization"},"image":{"@id":"https:\/\/area.owclientes.com.br\/?p=2085#primaryimage"},"thumbnailUrl":"https:\/\/area.owclientes.com.br\/wp-content\/uploads\/2021\/11\/jovem1637686192.jpeg","inLanguage":"en-US"},{"@type":"WebPage","@id":"https:\/\/area.owclientes.com.br\/?p=2085","url":"https:\/\/area.owclientes.com.br\/?p=2085","name":"XII Encontro Estadual Crea-SP Jovem - Area Wordpress","isPartOf":{"@id":"https:\/\/area.owclientes.com.br\/#website"},"primaryImageOfPage":{"@id":"https:\/\/area.owclientes.com.br\/?p=2085#primaryimage"},"image":{"@id":"https:\/\/area.owclientes.com.br\/?p=2085#primaryimage"},"thumbnailUrl":"https:\/\/area.owclientes.com.br\/wp-content\/uploads\/2021\/11\/jovem1637686192.jpeg","datePublished":"2021-11-23T13:41:00+00:00","breadcrumb":{"@id":"https:\/\/area.owclientes.com.br\/?p=2085#breadcrumb"},"inLanguage":"en-US","potentialAction":[{"@type":"ReadAction","target":["https:\/\/area.owclientes.com.br\/?p=2085"]}]},{"@type":"ImageObject","inLanguage":"en-US","@id":"https:\/\/area.owclientes.com.br\/?p=2085#primaryimage","url":"https:\/\/area.owclientes.com.br\/wp-content\/uploads\/2021\/11\/jovem1637686192.jpeg","contentUrl":"https:\/\/area.owclientes.com.br\/wp-content\/uploads\/2021\/11\/jovem1637686192.jpeg","width":1200,"height":1200},{"@type":"BreadcrumbList","@id":"https:\/\/area.owclientes.com.br\/?p=2085#breadcrumb","itemListElement":[{"@type":"ListItem","position":1,"name":"Home","item":"https:\/\/area.owclientes.com.br\/"},{"@type":"ListItem","position":2,"name":"XII Encontro Estadual Crea-SP Jovem"}]},{"@type":"WebSite","@id":"https:\/\/area.owclientes.com.br\/#website","url":"https:\/\/area.owclientes.com.br\/","name":"AREA","description":"","publisher":{"@id":"https:\/\/area.owclientes.com.br\/#organization"},"potentialAction":[{"@type":"SearchAction","target":{"@type":"EntryPoint","urlTemplate":"https:\/\/area.owclientes.com.br\/?s={search_term_string}"},"query-input":{"@type":"PropertyValueSpecification","valueRequired":true,"valueName":"search_term_string"}}],"inLanguage":"en-US"},{"@type":"Organization","@id":"https:\/\/area.owclientes.com.br\/#organization","name":"Associa\u00e7\u00e3o Regional dos Engenheiros, Arquitetos e Agr\u00f4nomos de Avar\u00e9","url":"https:\/\/area.owclientes.com.br\/","logo":{"@type":"ImageObject","inLanguage":"en-US","@id":"https:\/\/area.owclientes.com.br\/#\/schema\/logo\/image\/","url":"https:\/\/area.owclientes.com.br\/wp-content\/uploads\/2026\/08\/logo.png","contentUrl":"https:\/\/area.owclientes.com.br\/wp-content\/uploads\/2026\/08\/logo.png","width":377,"height":100,"caption":"Associa\u00e7\u00e3o Regional dos Engenheiros, Arquitetos e Agr\u00f4nomos de Avar\u00e9"},"image":{"@id":"https:\/\/area.owclientes.com.br\/#\/schema\/logo\/image\/"},"sameAs":["https:\/\/www.facebook.com\/areaavare","https:\/\/www.instagram.com\/areaavare"]},{"@type":"Person","@id":"https:\/\/area.owclientes.com.br\/#\/schema\/person\/119c1e190225450f461a971e06122401","name":"admin","image":{"@type":"ImageObject","inLanguage":"en-US","@id":"https:\/\/secure.gravatar.com\/avatar\/0ef05f73fe6c593570f9c12ab9c253f744e5d40fd789df2e9c9152bb491a5559?s=96&d=mm&r=g","url":"https:\/\/secure.gravatar.com\/avatar\/0ef05f73fe6c593570f9c12ab9c253f744e5d40fd789df2e9c9152bb491a5559?s=96&d=mm&r=g","contentUrl":"https:\/\/secure.gravatar.com\/avatar\/0ef05f73fe6c593570f9c12ab9c253f744e5d40fd789df2e9c9152bb491a5559?s=96&d=mm&r=g","caption":"admin"},"sameAs":["https:\/\/area.owclientes.com.br"],"url":"https:\/\/area.owclientes.com.br\/?author=1"}]}},"_links":{"self":[{"href":"https:\/\/area.owclientes.com.br\/index.php?rest_route=\/wp\/v2\/posts\/2085","targetHints":{"allow":["GET"]}}],"collection":[{"href":"https:\/\/area.owclientes.com.br\/index.php?rest_route=\/wp\/v2\/posts"}],"about":[{"href":"https:\/\/area.owclientes.com.br\/index.php?rest_route=\/wp\/v2\/types\/post"}],"author":[{"embeddable":true,"href":"https:\/\/area.owclientes.com.br\/index.php?rest_route=\/wp\/v2\/users\/1"}],"replies":[{"embeddable":true,"href":"https:\/\/area.owclientes.com.br\/index.php?rest_route=%2Fwp%2Fv2%2Fcomments&post=2085"}],"version-history":[{"count":0,"href":"https:\/\/area.owclientes.com.br\/index.php?rest_route=\/wp\/v2\/posts\/2085\/revisions"}],"wp:featuredmedia":[{"embeddable":true,"href":"https:\/\/area.owclientes.com.br\/index.php?rest_route=\/wp\/v2\/media\/2086"}],"wp:attachment":[{"href":"https:\/\/area.owclientes.com.br\/index.php?rest_route=%2Fwp%2Fv2%2Fmedia&parent=2085"}],"wp:term":[{"taxonomy":"category","embeddable":true,"href":"https:\/\/area.owclientes.com.br\/index.php?rest_route=%2Fwp%2Fv2%2Fcategories&post=2085"},{"taxonomy":"post_tag","embeddable":true,"href":"https:\/\/area.owclientes.com.br\/index.php?rest_route=%2Fwp%2Fv2%2Ftags&post=2085"}],"curies":[{"name":"wp","href":"https:\/\/api.w.org\/{rel}","templated":true}]}}