{"id":2087,"date":"2021-11-23T13:53:00","date_gmt":"2021-11-23T13:53:00","guid":{"rendered":"https:\/\/area.owclientes.com.br\/?p=2087"},"modified":"2021-11-23T13:53:00","modified_gmt":"2021-11-23T13:53:00","slug":"1-forum-internacional-de-graos-organicos-da-folio","status":"publish","type":"post","link":"https:\/\/area.owclientes.com.br\/?p=2087","title":{"rendered":"1 f\u00f3rum internacional de gr\u00e3os org\u00e2nicos da folio"},"content":{"rendered":"<p>N&oacute;s acreditamos que o futuro da agricultura &eacute; org&acirc;nico e que vamos chegar l&aacute; juntos.<\/p>\n<p>Fa&ccedil;a parte da Rede Folio na constru&ccedil;&atilde;o de conhecimento e tecnologia para agricultura org&acirc;nica de gr&atilde;os.&nbsp;<\/p>\n<p>P&uacute;blico-alvo: Todos aqueles que tenham interesse em agricultura org&acirc;nica: produtores rurais, pesquisadores, ind&uacute;strias de insumo e produtores de prote&iacute;na.<\/p>\n<p>Data: 17\/12<br \/>\nHor&aacute;rio: 9h00 &agrave;s 17h00<br \/>\nLocal: Avar&eacute;<\/p>\n<p>Para participar presencial ou on-line, fa&ccedil;a seu cadastro: <a href=\"https:\/\/cqk1rlsu0dx.typeform.com\/to\/ooBWkdfc\" target=\"_blank\">https:\/\/cqk1rlsu0dx.typeform.com\/to\/ooBWkdfc<\/a><\/p>\n","protected":false},"excerpt":{"rendered":"<p>Participe do movimento de transforma\u00e7\u00e3o para uma agricultura org\u00e2nica, regenerativa e poss\u00edvel para quem produz e quem consome<\/p>\n","protected":false},"author":1,"featured_media":2088,"comment_status":"closed","ping_status":"closed","sticky":false,"template":"","format":"standard","meta":{"footnotes":""},"categories":[1],"tags":[1011,1012],"class_list":["post-2087","post","type-post","status-publish","format-standard","has-post-thumbnail","hentry","category-uncategorized","tag-1-forum-internacional-de-graos-organicos-da-folio","tag-agricultura-organica"],"blocksy_meta":{"styles_descriptor":{"styles":{"desktop":"","tablet":"","mobile":""},"google_fonts":[],"version":7}},"yoast_head":"<!-- This site is optimized with the Yoast SEO plugin v28.4 - https:\/\/yoast.com\/product\/yoast-seo-wordpress\/ -->\n<title>1 f\u00f3rum internacional de gr\u00e3os org\u00e2nicos da folio - Area Wordpress<\/title>\n<meta name=\"robots\" content=\"index, follow, max-snippet:-1, max-image-preview:large, max-video-preview:-1\" \/>\n<link rel=\"canonical\" href=\"https:\/\/area.owclientes.com.br\/?p=2087\" \/>\n<meta property=\"og:locale\" content=\"en_US\" \/>\n<meta property=\"og:type\" content=\"article\" \/>\n<meta property=\"og:title\" content=\"1 f\u00f3rum internacional de gr\u00e3os org\u00e2nicos da folio - Area Wordpress\" \/>\n<meta property=\"og:description\" content=\"Participe do movimento de transforma\u00e7\u00e3o para uma agricultura org\u00e2nica, regenerativa e poss\u00edvel para quem produz e quem consome\" \/>\n<meta property=\"og:url\" content=\"https:\/\/area.owclientes.com.br\/?p=2087\" \/>\n<meta property=\"og:site_name\" content=\"Area Wordpress\" \/>\n<meta property=\"article:publisher\" content=\"https:\/\/www.facebook.com\/areaavare\" \/>\n<meta property=\"article:published_time\" content=\"2021-11-23T13:53:00+00:00\" \/>\n<meta property=\"og:image\" content=\"https:\/\/area.owclientes.com.br\/wp-content\/uploads\/2021\/11\/1-forum-internacional-de-graos-organicos1637686461.jpeg\" \/>\n\t<meta property=\"og:image:width\" content=\"1200\" \/>\n\t<meta property=\"og:image:height\" content=\"1200\" \/>\n\t<meta property=\"og:image:type\" content=\"image\/jpeg\" \/>\n<meta name=\"author\" content=\"admin\" \/>\n<meta name=\"twitter:card\" content=\"summary_large_image\" \/>\n<meta name=\"twitter:label1\" content=\"Written by\" \/>\n\t<meta name=\"twitter:data1\" content=\"admin\" \/>\n\t<meta name=\"twitter:label2\" content=\"Est. reading time\" \/>\n\t<meta name=\"twitter:data2\" content=\"1 minute\" \/>\n<script type=\"application\/ld+json\" class=\"yoast-schema-graph\">{\"@context\":\"https:\\\/\\\/schema.org\",\"@graph\":[{\"@type\":\"Article\",\"@id\":\"https:\\\/\\\/area.owclientes.com.br\\\/?p=2087#article\",\"isPartOf\":{\"@id\":\"https:\\\/\\\/area.owclientes.com.br\\\/?p=2087\"},\"author\":{\"name\":\"admin\",\"@id\":\"https:\\\/\\\/area.owclientes.com.br\\\/#\\\/schema\\\/person\\\/119c1e190225450f461a971e06122401\"},\"headline\":\"1 f\u00f3rum internacional de gr\u00e3os org\u00e2nicos da folio\",\"datePublished\":\"2021-11-23T13:53:00+00:00\",\"mainEntityOfPage\":{\"@id\":\"https:\\\/\\\/area.owclientes.com.br\\\/?p=2087\"},\"wordCount\":112,\"publisher\":{\"@id\":\"https:\\\/\\\/area.owclientes.com.br\\\/#organization\"},\"image\":{\"@id\":\"https:\\\/\\\/area.owclientes.com.br\\\/?p=2087#primaryimage\"},\"thumbnailUrl\":\"https:\\\/\\\/area.owclientes.com.br\\\/wp-content\\\/uploads\\\/2021\\\/11\\\/1-forum-internacional-de-graos-organicos1637686461.jpeg\",\"keywords\":[\"1 f\u00f3rum internacional de gr\u00e3os org\u00e2nicos da folio\",\"agricultura org\u00e2nica\"],\"inLanguage\":\"en-US\"},{\"@type\":\"WebPage\",\"@id\":\"https:\\\/\\\/area.owclientes.com.br\\\/?p=2087\",\"url\":\"https:\\\/\\\/area.owclientes.com.br\\\/?p=2087\",\"name\":\"1 f\u00f3rum internacional de gr\u00e3os org\u00e2nicos da folio - Area Wordpress\",\"isPartOf\":{\"@id\":\"https:\\\/\\\/area.owclientes.com.br\\\/#website\"},\"primaryImageOfPage\":{\"@id\":\"https:\\\/\\\/area.owclientes.com.br\\\/?p=2087#primaryimage\"},\"image\":{\"@id\":\"https:\\\/\\\/area.owclientes.com.br\\\/?p=2087#primaryimage\"},\"thumbnailUrl\":\"https:\\\/\\\/area.owclientes.com.br\\\/wp-content\\\/uploads\\\/2021\\\/11\\\/1-forum-internacional-de-graos-organicos1637686461.jpeg\",\"datePublished\":\"2021-11-23T13:53:00+00:00\",\"breadcrumb\":{\"@id\":\"https:\\\/\\\/area.owclientes.com.br\\\/?p=2087#breadcrumb\"},\"inLanguage\":\"en-US\",\"potentialAction\":[{\"@type\":\"ReadAction\",\"target\":[\"https:\\\/\\\/area.owclientes.com.br\\\/?p=2087\"]}]},{\"@type\":\"ImageObject\",\"inLanguage\":\"en-US\",\"@id\":\"https:\\\/\\\/area.owclientes.com.br\\\/?p=2087#primaryimage\",\"url\":\"https:\\\/\\\/area.owclientes.com.br\\\/wp-content\\\/uploads\\\/2021\\\/11\\\/1-forum-internacional-de-graos-organicos1637686461.jpeg\",\"contentUrl\":\"https:\\\/\\\/area.owclientes.com.br\\\/wp-content\\\/uploads\\\/2021\\\/11\\\/1-forum-internacional-de-graos-organicos1637686461.jpeg\",\"width\":1200,\"height\":1200},{\"@type\":\"BreadcrumbList\",\"@id\":\"https:\\\/\\\/area.owclientes.com.br\\\/?p=2087#breadcrumb\",\"itemListElement\":[{\"@type\":\"ListItem\",\"position\":1,\"name\":\"Home\",\"item\":\"https:\\\/\\\/area.owclientes.com.br\\\/\"},{\"@type\":\"ListItem\",\"position\":2,\"name\":\"1 f\u00f3rum internacional de gr\u00e3os org\u00e2nicos da folio\"}]},{\"@type\":\"WebSite\",\"@id\":\"https:\\\/\\\/area.owclientes.com.br\\\/#website\",\"url\":\"https:\\\/\\\/area.owclientes.com.br\\\/\",\"name\":\"AREA\",\"description\":\"\",\"publisher\":{\"@id\":\"https:\\\/\\\/area.owclientes.com.br\\\/#organization\"},\"potentialAction\":[{\"@type\":\"SearchAction\",\"target\":{\"@type\":\"EntryPoint\",\"urlTemplate\":\"https:\\\/\\\/area.owclientes.com.br\\\/?s={search_term_string}\"},\"query-input\":{\"@type\":\"PropertyValueSpecification\",\"valueRequired\":true,\"valueName\":\"search_term_string\"}}],\"inLanguage\":\"en-US\"},{\"@type\":\"Organization\",\"@id\":\"https:\\\/\\\/area.owclientes.com.br\\\/#organization\",\"name\":\"Associa\u00e7\u00e3o Regional dos Engenheiros, Arquitetos e Agr\u00f4nomos de Avar\u00e9\",\"url\":\"https:\\\/\\\/area.owclientes.com.br\\\/\",\"logo\":{\"@type\":\"ImageObject\",\"inLanguage\":\"en-US\",\"@id\":\"https:\\\/\\\/area.owclientes.com.br\\\/#\\\/schema\\\/logo\\\/image\\\/\",\"url\":\"https:\\\/\\\/area.owclientes.com.br\\\/wp-content\\\/uploads\\\/2026\\\/08\\\/logo.png\",\"contentUrl\":\"https:\\\/\\\/area.owclientes.com.br\\\/wp-content\\\/uploads\\\/2026\\\/08\\\/logo.png\",\"width\":377,\"height\":100,\"caption\":\"Associa\u00e7\u00e3o Regional dos Engenheiros, Arquitetos e Agr\u00f4nomos de Avar\u00e9\"},\"image\":{\"@id\":\"https:\\\/\\\/area.owclientes.com.br\\\/#\\\/schema\\\/logo\\\/image\\\/\"},\"sameAs\":[\"https:\\\/\\\/www.facebook.com\\\/areaavare\",\"https:\\\/\\\/www.instagram.com\\\/areaavare\"]},{\"@type\":\"Person\",\"@id\":\"https:\\\/\\\/area.owclientes.com.br\\\/#\\\/schema\\\/person\\\/119c1e190225450f461a971e06122401\",\"name\":\"admin\",\"image\":{\"@type\":\"ImageObject\",\"inLanguage\":\"en-US\",\"@id\":\"https:\\\/\\\/secure.gravatar.com\\\/avatar\\\/0ef05f73fe6c593570f9c12ab9c253f744e5d40fd789df2e9c9152bb491a5559?s=96&d=mm&r=g\",\"url\":\"https:\\\/\\\/secure.gravatar.com\\\/avatar\\\/0ef05f73fe6c593570f9c12ab9c253f744e5d40fd789df2e9c9152bb491a5559?s=96&d=mm&r=g\",\"contentUrl\":\"https:\\\/\\\/secure.gravatar.com\\\/avatar\\\/0ef05f73fe6c593570f9c12ab9c253f744e5d40fd789df2e9c9152bb491a5559?s=96&d=mm&r=g\",\"caption\":\"admin\"},\"sameAs\":[\"https:\\\/\\\/area.owclientes.com.br\"],\"url\":\"https:\\\/\\\/area.owclientes.com.br\\\/?author=1\"}]}<\/script>\n<!-- \/ Yoast SEO plugin. -->","yoast_head_json":{"title":"1 f\u00f3rum internacional de gr\u00e3os org\u00e2nicos da folio - Area Wordpress","robots":{"index":"index","follow":"follow","max-snippet":"max-snippet:-1","max-image-preview":"max-image-preview:large","max-video-preview":"max-video-preview:-1"},"canonical":"https:\/\/area.owclientes.com.br\/?p=2087","og_locale":"en_US","og_type":"article","og_title":"1 f\u00f3rum internacional de gr\u00e3os org\u00e2nicos da folio - Area Wordpress","og_description":"Participe do movimento de transforma\u00e7\u00e3o para uma agricultura org\u00e2nica, regenerativa e poss\u00edvel para quem produz e quem consome","og_url":"https:\/\/area.owclientes.com.br\/?p=2087","og_site_name":"Area Wordpress","article_publisher":"https:\/\/www.facebook.com\/areaavare","article_published_time":"2021-11-23T13:53:00+00:00","og_image":[{"width":1200,"height":1200,"url":"https:\/\/area.owclientes.com.br\/wp-content\/uploads\/2021\/11\/1-forum-internacional-de-graos-organicos1637686461.jpeg","type":"image\/jpeg"}],"author":"admin","twitter_card":"summary_large_image","twitter_misc":{"Written by":"admin","Est. reading time":"1 minute"},"schema":{"@context":"https:\/\/schema.org","@graph":[{"@type":"Article","@id":"https:\/\/area.owclientes.com.br\/?p=2087#article","isPartOf":{"@id":"https:\/\/area.owclientes.com.br\/?p=2087"},"author":{"name":"admin","@id":"https:\/\/area.owclientes.com.br\/#\/schema\/person\/119c1e190225450f461a971e06122401"},"headline":"1 f\u00f3rum internacional de gr\u00e3os org\u00e2nicos da folio","datePublished":"2021-11-23T13:53:00+00:00","mainEntityOfPage":{"@id":"https:\/\/area.owclientes.com.br\/?p=2087"},"wordCount":112,"publisher":{"@id":"https:\/\/area.owclientes.com.br\/#organization"},"image":{"@id":"https:\/\/area.owclientes.com.br\/?p=2087#primaryimage"},"thumbnailUrl":"https:\/\/area.owclientes.com.br\/wp-content\/uploads\/2021\/11\/1-forum-internacional-de-graos-organicos1637686461.jpeg","keywords":["1 f\u00f3rum internacional de gr\u00e3os org\u00e2nicos da folio","agricultura org\u00e2nica"],"inLanguage":"en-US"},{"@type":"WebPage","@id":"https:\/\/area.owclientes.com.br\/?p=2087","url":"https:\/\/area.owclientes.com.br\/?p=2087","name":"1 f\u00f3rum internacional de gr\u00e3os org\u00e2nicos da folio - Area Wordpress","isPartOf":{"@id":"https:\/\/area.owclientes.com.br\/#website"},"primaryImageOfPage":{"@id":"https:\/\/area.owclientes.com.br\/?p=2087#primaryimage"},"image":{"@id":"https:\/\/area.owclientes.com.br\/?p=2087#primaryimage"},"thumbnailUrl":"https:\/\/area.owclientes.com.br\/wp-content\/uploads\/2021\/11\/1-forum-internacional-de-graos-organicos1637686461.jpeg","datePublished":"2021-11-23T13:53:00+00:00","breadcrumb":{"@id":"https:\/\/area.owclientes.com.br\/?p=2087#breadcrumb"},"inLanguage":"en-US","potentialAction":[{"@type":"ReadAction","target":["https:\/\/area.owclientes.com.br\/?p=2087"]}]},{"@type":"ImageObject","inLanguage":"en-US","@id":"https:\/\/area.owclientes.com.br\/?p=2087#primaryimage","url":"https:\/\/area.owclientes.com.br\/wp-content\/uploads\/2021\/11\/1-forum-internacional-de-graos-organicos1637686461.jpeg","contentUrl":"https:\/\/area.owclientes.com.br\/wp-content\/uploads\/2021\/11\/1-forum-internacional-de-graos-organicos1637686461.jpeg","width":1200,"height":1200},{"@type":"BreadcrumbList","@id":"https:\/\/area.owclientes.com.br\/?p=2087#breadcrumb","itemListElement":[{"@type":"ListItem","position":1,"name":"Home","item":"https:\/\/area.owclientes.com.br\/"},{"@type":"ListItem","position":2,"name":"1 f\u00f3rum internacional de gr\u00e3os org\u00e2nicos da folio"}]},{"@type":"WebSite","@id":"https:\/\/area.owclientes.com.br\/#website","url":"https:\/\/area.owclientes.com.br\/","name":"AREA","description":"","publisher":{"@id":"https:\/\/area.owclientes.com.br\/#organization"},"potentialAction":[{"@type":"SearchAction","target":{"@type":"EntryPoint","urlTemplate":"https:\/\/area.owclientes.com.br\/?s={search_term_string}"},"query-input":{"@type":"PropertyValueSpecification","valueRequired":true,"valueName":"search_term_string"}}],"inLanguage":"en-US"},{"@type":"Organization","@id":"https:\/\/area.owclientes.com.br\/#organization","name":"Associa\u00e7\u00e3o Regional dos Engenheiros, Arquitetos e Agr\u00f4nomos de Avar\u00e9","url":"https:\/\/area.owclientes.com.br\/","logo":{"@type":"ImageObject","inLanguage":"en-US","@id":"https:\/\/area.owclientes.com.br\/#\/schema\/logo\/image\/","url":"https:\/\/area.owclientes.com.br\/wp-content\/uploads\/2026\/08\/logo.png","contentUrl":"https:\/\/area.owclientes.com.br\/wp-content\/uploads\/2026\/08\/logo.png","width":377,"height":100,"caption":"Associa\u00e7\u00e3o Regional dos Engenheiros, Arquitetos e Agr\u00f4nomos de Avar\u00e9"},"image":{"@id":"https:\/\/area.owclientes.com.br\/#\/schema\/logo\/image\/"},"sameAs":["https:\/\/www.facebook.com\/areaavare","https:\/\/www.instagram.com\/areaavare"]},{"@type":"Person","@id":"https:\/\/area.owclientes.com.br\/#\/schema\/person\/119c1e190225450f461a971e06122401","name":"admin","image":{"@type":"ImageObject","inLanguage":"en-US","@id":"https:\/\/secure.gravatar.com\/avatar\/0ef05f73fe6c593570f9c12ab9c253f744e5d40fd789df2e9c9152bb491a5559?s=96&d=mm&r=g","url":"https:\/\/secure.gravatar.com\/avatar\/0ef05f73fe6c593570f9c12ab9c253f744e5d40fd789df2e9c9152bb491a5559?s=96&d=mm&r=g","contentUrl":"https:\/\/secure.gravatar.com\/avatar\/0ef05f73fe6c593570f9c12ab9c253f744e5d40fd789df2e9c9152bb491a5559?s=96&d=mm&r=g","caption":"admin"},"sameAs":["https:\/\/area.owclientes.com.br"],"url":"https:\/\/area.owclientes.com.br\/?author=1"}]}},"_links":{"self":[{"href":"https:\/\/area.owclientes.com.br\/index.php?rest_route=\/wp\/v2\/posts\/2087","targetHints":{"allow":["GET"]}}],"collection":[{"href":"https:\/\/area.owclientes.com.br\/index.php?rest_route=\/wp\/v2\/posts"}],"about":[{"href":"https:\/\/area.owclientes.com.br\/index.php?rest_route=\/wp\/v2\/types\/post"}],"author":[{"embeddable":true,"href":"https:\/\/area.owclientes.com.br\/index.php?rest_route=\/wp\/v2\/users\/1"}],"replies":[{"embeddable":true,"href":"https:\/\/area.owclientes.com.br\/index.php?rest_route=%2Fwp%2Fv2%2Fcomments&post=2087"}],"version-history":[{"count":0,"href":"https:\/\/area.owclientes.com.br\/index.php?rest_route=\/wp\/v2\/posts\/2087\/revisions"}],"wp:featuredmedia":[{"embeddable":true,"href":"https:\/\/area.owclientes.com.br\/index.php?rest_route=\/wp\/v2\/media\/2088"}],"wp:attachment":[{"href":"https:\/\/area.owclientes.com.br\/index.php?rest_route=%2Fwp%2Fv2%2Fmedia&parent=2087"}],"wp:term":[{"taxonomy":"category","embeddable":true,"href":"https:\/\/area.owclientes.com.br\/index.php?rest_route=%2Fwp%2Fv2%2Fcategories&post=2087"},{"taxonomy":"post_tag","embeddable":true,"href":"https:\/\/area.owclientes.com.br\/index.php?rest_route=%2Fwp%2Fv2%2Ftags&post=2087"}],"curies":[{"name":"wp","href":"https:\/\/api.w.org\/{rel}","templated":true}]}}