{"id":2247,"date":"2022-11-29T11:21:00","date_gmt":"2022-11-29T11:21:00","guid":{"rendered":"https:\/\/area.owclientes.com.br\/?p=2247"},"modified":"2022-11-29T11:21:00","modified_gmt":"2022-11-29T11:21:00","slug":"em-parceria-com-as-associacoes","status":"publish","type":"post","link":"https:\/\/area.owclientes.com.br\/?p=2247","title":{"rendered":"Em parceria com as associa\u00e7\u00f5es"},"content":{"rendered":"<div>\n<p style=\"margin-left: 5pt; text-align: justify;\">Desbravar o mercado de trabalho pode ser desafiador. Por isso, aqueles que optam pelas &aacute;reas da Engenharia, da Agronomia e das Geoci&ecirc;ncias encontram apoio em um ecossistema formado por diferentes frentes de defesa e promo&ccedil;&atilde;o da &eacute;tica, do compromisso com a sociedade e do desenvolvimento tecnol&oacute;gico.<\/p>\n<p style=\"text-align: justify;\">&nbsp;<\/p>\n<p style=\"margin-left: 5pt; text-align: justify;\">Em uma ponta est&aacute; o Conselho Regional de Engenharia e Agronomia do Estado de S&atilde;o Paulo (Crea-SP), &oacute;rg&atilde;o fiscalizador do exerc&iacute;cio profissional de engenheiros, agr&ocirc;nomos e geocientistas. Em paralelo, na outra ponta, est&atilde;o as entidades de classe, como s&atilde;o conhecidas as agremia&ccedil;&otilde;es civis sem fins lucrativos que atuam na representa&ccedil;&atilde;o desses grupos. Essas associa&ccedil;&otilde;es estendem a finalidade do Crea-SP com outra miss&atilde;o ainda mais ampla, a de promover o aprimoramento t&eacute;cnico profissional e a valoriza&ccedil;&atilde;o da classe por meio da formaliza&ccedil;&atilde;o de parcerias que viabilizem essas a&ccedil;&otilde;es. O elo entre as institui&ccedil;&otilde;es &eacute; o profissional, que transita por todos os ambientes ligando-os &agrave; popula&ccedil;&atilde;o.<\/p>\n<p style=\"text-align: justify;\">&nbsp;<\/p>\n<p style=\"margin-left: 5pt; text-align: justify;\">&ldquo;A valoriza&ccedil;&atilde;o do profissional &eacute; o resultado de tr&ecirc;s importantes iniciativas: capacita&ccedil;&atilde;o, divulga&ccedil;&atilde;o da legisla&ccedil;&atilde;o profissional e associativismo, que s&atilde;o os maiores objetivos das entidades&rdquo;, explica o assessor da Presid&ecirc;ncia do Crea-SP, Daniel Montagnoli Robles.<\/p>\n<p style=\"text-align: justify;\">&nbsp;<\/p>\n<h1 style=\"text-align: justify;\">Capacita&ccedil;&atilde;o<\/h1>\n<p style=\"margin-left: 5pt; text-align: justify;\">S&atilde;o cursos, palestras, workshops e outras a&ccedil;&otilde;es de imers&atilde;o em tem&aacute;ticas da &aacute;rea tecnol&oacute;gica, como <em>big data, <\/em>intelig&ecirc;ncia artificial, cidades inteligentes, entre outros assuntos que incentivam e promovem o aprimoramento t&eacute;cnico profissional e o progresso por meio da produ&ccedil;&atilde;o de estudos, pesquisas e conhecimentos tecnocient&iacute;ficos constru&iacute;dos e compartilhados dentro das associa&ccedil;&otilde;es, com a participa&ccedil;&atilde;o efetiva do Crea-SP.<\/p>\n<p style=\"text-align: justify;\">&nbsp;<\/p>\n<p style=\"margin-left: 5pt; text-align: justify;\">Esse aprimoramento t&eacute;cnico parte da proposta do Conselho Regional, uma vez que sua atua&ccedil;&atilde;o direcionada &agrave; fiscaliza&ccedil;&atilde;o profissional possui car&aacute;ter educativo e orientativo. &ldquo;Se h&aacute; um respons&aacute;vel t&eacute;cnico em atua&ccedil;&atilde;o, h&aacute; mais uma cadeira ocupada por um profissional devidamente habilitado, atualizado e preparado para executar tal atividade&rdquo;, esclarece o coordenador do Col&eacute;gio de Entidades de S&atilde;o Paulo (CDER-SP), f&oacute;rum consultivo do Crea-SP, e presidente da Associa&ccedil;&atilde;o dos Engenheiros e Arquitetos de Osasco (AEAO), Eng. Civ. Leandro Azeredo Foga&ccedil;a.<\/p>\n<p style=\"text-align: justify;\">&nbsp;<\/p>\n<p style=\"margin-left: 5pt; text-align: justify;\">Isso quer dizer que, tendo em vista que a habilita&ccedil;&atilde;o, a capacita&ccedil;&atilde;o e o aprimoramento t&eacute;cnico do profissional refletem diretamente na entrega de servi&ccedil;os, o benef&iacute;cio da qualifica&ccedil;&atilde;o n&atilde;o atende apenas &agrave;s necessidades do mercado e de quem atua nele, mas resulta em mais seguran&ccedil;a, efic&aacute;cia e qualidade para a popula&ccedil;&atilde;o.<\/p>\n<\/div>\n<p style=\"text-align: justify;\">&nbsp;<\/p>\n<p style=\"margin-left: 5pt; text-align: justify;\">Tal iniciativa &eacute; vista no Crea-SP Capacita (<a href=\"http:\/\/www.creasp.org.br\/capacita)\">www.creasp.org.br\/capacita),<\/a> programa de atualiza&ccedil;&atilde;o e forma&ccedil;&atilde;o para profissionais registrados, colaboradores, estudantes e outros interessados.<\/p>\n<p style=\"text-align: justify;\">&nbsp;<\/p>\n<p style=\"margin-left: 5pt; text-align: justify;\">Para o coordenador da Comiss&atilde;o Permanente de Or&ccedil;amento e Tomada de Contas (COTC) do Conselho e presidente da Associa&ccedil;&atilde;o dos Engenheiros e Arquitetos de Piracicaba (AEAP), Eng. Civ. Luis Chorilli Neto, o aprimoramento precisa ser cont&iacute;nuo. &ldquo;O profissional menos capacitado ter&aacute;, a cada dia, mais dificuldade em atuar. As atividades de aperfei&ccedil;oamento devem ser encaradas como requisito t&eacute;cnico para que sejam sempre aproveitadas&rdquo;, comenta.<\/p>\n<p style=\"text-align: justify;\">&nbsp;<\/p>\n<p style=\"margin-left: 5pt; text-align: justify;\">As pr&oacute;prias associa&ccedil;&otilde;es mant&ecirc;m uma rela&ccedil;&atilde;o de parceria com o Crea-SP e as institui&ccedil;&otilde;es de ensino para a promo&ccedil;&atilde;o dos mais diversos formatos de qualifica&ccedil;&atilde;o profissional, facilitando o acesso &agrave;queles que pretendem manter-se atualizados.<\/p>\n<p style=\"text-align: justify;\">&nbsp;<\/p>\n<h1 style=\"text-align: justify;\">Mas a parceria vai al&eacute;m<\/h1>\n<p style=\"margin-left: 5pt; text-align: justify;\">Os outros dois prop&oacute;sitos da parceria formalizada entre o Conselho e as associa&ccedil;&otilde;es s&atilde;o divulgar informa&ccedil;&otilde;es sobre as leis e normas que regem as profiss&otilde;es abrangidas pelo Sistema Confea\/Crea, que precisam ser regularmente atualizadas diante das necessidades de mercado, e estimular a integra&ccedil;&atilde;o entre os profissionais, caracterizando o aspecto social das entidades.<\/p>\n<p style=\"text-align: justify;\">&nbsp;<\/p>\n<p style=\"margin-left: 5pt; text-align: justify;\">&ldquo;Com isso, as associa&ccedil;&otilde;es tamb&eacute;m podem falar para a sociedade e educ&aacute;-la sobre a import&acirc;ncia de buscar um profissional devidamente formado e regulamentado para as atividades t&eacute;cnicas de constru&ccedil;&atilde;o civil, seguran&ccedil;a do trabalho, engenharia de alimentos, agronomia etc.&rdquo;, argumenta Robles.<\/p>\n<p style=\"text-align: justify;\">&nbsp;<\/p>\n<h1 style=\"text-align: justify;\">Foco local<\/h1>\n<p style=\"margin-left: 5pt; text-align: justify;\">Diferentemente do Conselho Regional, com jurisdi&ccedil;&atilde;o em todo o Estado, as associa&ccedil;&otilde;es t&ecirc;m foco nos munic&iacute;pios ou, por vezes, em regi&otilde;es, quando agregadas umas &agrave;s outras em uni&otilde;es. Isso possibilita a representa&ccedil;&atilde;o assertiva da classe, uma vez que as necessidades locais e regionais s&atilde;o mais facilmente identificadas, podendo ser somadas &agrave;s demandas apuradas pelos inspetores, representantes da Presid&ecirc;ncia do Crea-SP distribu&iacute;dos pelas 645 cidades.<\/p>\n<p style=\"text-align: justify;\">&nbsp;<\/p>\n<p style=\"margin-left: 5pt; text-align: justify;\">&ldquo;O grande desafio est&aacute; na representa&ccedil;&atilde;o do corpo t&eacute;cnico nos munic&iacute;pios e nas regi&otilde;es para o cumprimento do objetivo final das profiss&otilde;es: oferecer mais seguran&ccedil;a &agrave; sociedade&rdquo;, finaliza Foga&ccedil;a.<\/p>\n<p style=\"margin-left: 5pt; text-align: justify;\">&nbsp;<\/p>\n<p style=\"text-align: justify;\">A AREA Associa&ccedil;&atilde;o Regional dos Engenheiros, Arquitetos e Agr&ocirc;nomos, entidade de classe, sem fins lucrativos, que agremia os prossionais da &aacute;rea tecnol&oacute;gica em Avar&eacute; e Regi&atilde;o, h&aacute; 35 anos trabalhando em prol da valoriza&ccedil;&atilde;o profissional.&nbsp; Para conhecer mais a AREA entre em contato: (14) 3732-4688 \/&nbsp; 9.8149-7591&nbsp; Rua dos Engenheiros, 26- Colina da Boa Vista &ndash; Avar&eacute; &ndash; SP&nbsp; 18706-242&nbsp; <a href=\"mailto:area@area.org.br\">area@area.org.br<\/a><\/p>\n<p style=\"margin-left: 5pt; text-align: justify;\">&nbsp;<\/p>\n","protected":false},"excerpt":{"rendered":"<p>Estrat\u00e9gias de valoriza\u00e7\u00e3o profissional mobilizam Conselho Regional e entidades de classe<\/p>\n","protected":false},"author":1,"featured_media":0,"comment_status":"closed","ping_status":"closed","sticky":false,"template":"","format":"standard","meta":{"footnotes":""},"categories":[1],"tags":[1120],"class_list":["post-2247","post","type-post","status-publish","format-standard","hentry","category-uncategorized","tag-em-parceria-com-as-associacoes"],"blocksy_meta":{"styles_descriptor":{"styles":{"desktop":"","tablet":"","mobile":""},"google_fonts":[],"version":7}},"yoast_head":"<!-- This site is optimized with the Yoast SEO plugin v28.4 - https:\/\/yoast.com\/product\/yoast-seo-wordpress\/ -->\n<title>Em parceria com as associa\u00e7\u00f5es - Area Wordpress<\/title>\n<meta name=\"robots\" content=\"index, follow, max-snippet:-1, max-image-preview:large, max-video-preview:-1\" \/>\n<link rel=\"canonical\" href=\"https:\/\/area.owclientes.com.br\/?p=2247\" \/>\n<meta property=\"og:locale\" content=\"en_US\" \/>\n<meta property=\"og:type\" content=\"article\" \/>\n<meta property=\"og:title\" content=\"Em parceria com as associa\u00e7\u00f5es - Area Wordpress\" \/>\n<meta property=\"og:description\" content=\"Estrat\u00e9gias de valoriza\u00e7\u00e3o profissional mobilizam Conselho Regional e entidades de classe\" \/>\n<meta property=\"og:url\" content=\"https:\/\/area.owclientes.com.br\/?p=2247\" \/>\n<meta property=\"og:site_name\" content=\"Area Wordpress\" \/>\n<meta property=\"article:publisher\" content=\"https:\/\/www.facebook.com\/areaavare\" \/>\n<meta property=\"article:published_time\" content=\"2022-11-29T11:21:00+00:00\" \/>\n<meta name=\"author\" content=\"admin\" \/>\n<meta name=\"twitter:card\" content=\"summary_large_image\" \/>\n<meta name=\"twitter:label1\" content=\"Written by\" \/>\n\t<meta name=\"twitter:data1\" content=\"admin\" \/>\n\t<meta name=\"twitter:label2\" content=\"Est. reading time\" \/>\n\t<meta name=\"twitter:data2\" content=\"5 minutes\" \/>\n<script type=\"application\/ld+json\" class=\"yoast-schema-graph\">{\"@context\":\"https:\\\/\\\/schema.org\",\"@graph\":[{\"@type\":\"Article\",\"@id\":\"https:\\\/\\\/area.owclientes.com.br\\\/?p=2247#article\",\"isPartOf\":{\"@id\":\"https:\\\/\\\/area.owclientes.com.br\\\/?p=2247\"},\"author\":{\"name\":\"admin\",\"@id\":\"https:\\\/\\\/area.owclientes.com.br\\\/#\\\/schema\\\/person\\\/119c1e190225450f461a971e06122401\"},\"headline\":\"Em parceria com as associa\u00e7\u00f5es\",\"datePublished\":\"2022-11-29T11:21:00+00:00\",\"mainEntityOfPage\":{\"@id\":\"https:\\\/\\\/area.owclientes.com.br\\\/?p=2247\"},\"wordCount\":1069,\"publisher\":{\"@id\":\"https:\\\/\\\/area.owclientes.com.br\\\/#organization\"},\"keywords\":[\"Em parceria com as associa\u00e7\u00f5es\"],\"inLanguage\":\"en-US\"},{\"@type\":\"WebPage\",\"@id\":\"https:\\\/\\\/area.owclientes.com.br\\\/?p=2247\",\"url\":\"https:\\\/\\\/area.owclientes.com.br\\\/?p=2247\",\"name\":\"Em parceria com as associa\u00e7\u00f5es - Area Wordpress\",\"isPartOf\":{\"@id\":\"https:\\\/\\\/area.owclientes.com.br\\\/#website\"},\"datePublished\":\"2022-11-29T11:21:00+00:00\",\"breadcrumb\":{\"@id\":\"https:\\\/\\\/area.owclientes.com.br\\\/?p=2247#breadcrumb\"},\"inLanguage\":\"en-US\",\"potentialAction\":[{\"@type\":\"ReadAction\",\"target\":[\"https:\\\/\\\/area.owclientes.com.br\\\/?p=2247\"]}]},{\"@type\":\"BreadcrumbList\",\"@id\":\"https:\\\/\\\/area.owclientes.com.br\\\/?p=2247#breadcrumb\",\"itemListElement\":[{\"@type\":\"ListItem\",\"position\":1,\"name\":\"Home\",\"item\":\"https:\\\/\\\/area.owclientes.com.br\\\/\"},{\"@type\":\"ListItem\",\"position\":2,\"name\":\"Em parceria com as associa\u00e7\u00f5es\"}]},{\"@type\":\"WebSite\",\"@id\":\"https:\\\/\\\/area.owclientes.com.br\\\/#website\",\"url\":\"https:\\\/\\\/area.owclientes.com.br\\\/\",\"name\":\"AREA\",\"description\":\"\",\"publisher\":{\"@id\":\"https:\\\/\\\/area.owclientes.com.br\\\/#organization\"},\"potentialAction\":[{\"@type\":\"SearchAction\",\"target\":{\"@type\":\"EntryPoint\",\"urlTemplate\":\"https:\\\/\\\/area.owclientes.com.br\\\/?s={search_term_string}\"},\"query-input\":{\"@type\":\"PropertyValueSpecification\",\"valueRequired\":true,\"valueName\":\"search_term_string\"}}],\"inLanguage\":\"en-US\"},{\"@type\":\"Organization\",\"@id\":\"https:\\\/\\\/area.owclientes.com.br\\\/#organization\",\"name\":\"Associa\u00e7\u00e3o Regional dos Engenheiros, Arquitetos e Agr\u00f4nomos de Avar\u00e9\",\"url\":\"https:\\\/\\\/area.owclientes.com.br\\\/\",\"logo\":{\"@type\":\"ImageObject\",\"inLanguage\":\"en-US\",\"@id\":\"https:\\\/\\\/area.owclientes.com.br\\\/#\\\/schema\\\/logo\\\/image\\\/\",\"url\":\"https:\\\/\\\/area.owclientes.com.br\\\/wp-content\\\/uploads\\\/2026\\\/08\\\/logo.png\",\"contentUrl\":\"https:\\\/\\\/area.owclientes.com.br\\\/wp-content\\\/uploads\\\/2026\\\/08\\\/logo.png\",\"width\":377,\"height\":100,\"caption\":\"Associa\u00e7\u00e3o Regional dos Engenheiros, Arquitetos e Agr\u00f4nomos de Avar\u00e9\"},\"image\":{\"@id\":\"https:\\\/\\\/area.owclientes.com.br\\\/#\\\/schema\\\/logo\\\/image\\\/\"},\"sameAs\":[\"https:\\\/\\\/www.facebook.com\\\/areaavare\",\"https:\\\/\\\/www.instagram.com\\\/areaavare\"]},{\"@type\":\"Person\",\"@id\":\"https:\\\/\\\/area.owclientes.com.br\\\/#\\\/schema\\\/person\\\/119c1e190225450f461a971e06122401\",\"name\":\"admin\",\"image\":{\"@type\":\"ImageObject\",\"inLanguage\":\"en-US\",\"@id\":\"https:\\\/\\\/secure.gravatar.com\\\/avatar\\\/0ef05f73fe6c593570f9c12ab9c253f744e5d40fd789df2e9c9152bb491a5559?s=96&d=mm&r=g\",\"url\":\"https:\\\/\\\/secure.gravatar.com\\\/avatar\\\/0ef05f73fe6c593570f9c12ab9c253f744e5d40fd789df2e9c9152bb491a5559?s=96&d=mm&r=g\",\"contentUrl\":\"https:\\\/\\\/secure.gravatar.com\\\/avatar\\\/0ef05f73fe6c593570f9c12ab9c253f744e5d40fd789df2e9c9152bb491a5559?s=96&d=mm&r=g\",\"caption\":\"admin\"},\"sameAs\":[\"https:\\\/\\\/area.owclientes.com.br\"],\"url\":\"https:\\\/\\\/area.owclientes.com.br\\\/?author=1\"}]}<\/script>\n<!-- \/ Yoast SEO plugin. -->","yoast_head_json":{"title":"Em parceria com as associa\u00e7\u00f5es - Area Wordpress","robots":{"index":"index","follow":"follow","max-snippet":"max-snippet:-1","max-image-preview":"max-image-preview:large","max-video-preview":"max-video-preview:-1"},"canonical":"https:\/\/area.owclientes.com.br\/?p=2247","og_locale":"en_US","og_type":"article","og_title":"Em parceria com as associa\u00e7\u00f5es - Area Wordpress","og_description":"Estrat\u00e9gias de valoriza\u00e7\u00e3o profissional mobilizam Conselho Regional e entidades de classe","og_url":"https:\/\/area.owclientes.com.br\/?p=2247","og_site_name":"Area Wordpress","article_publisher":"https:\/\/www.facebook.com\/areaavare","article_published_time":"2022-11-29T11:21:00+00:00","author":"admin","twitter_card":"summary_large_image","twitter_misc":{"Written by":"admin","Est. reading time":"5 minutes"},"schema":{"@context":"https:\/\/schema.org","@graph":[{"@type":"Article","@id":"https:\/\/area.owclientes.com.br\/?p=2247#article","isPartOf":{"@id":"https:\/\/area.owclientes.com.br\/?p=2247"},"author":{"name":"admin","@id":"https:\/\/area.owclientes.com.br\/#\/schema\/person\/119c1e190225450f461a971e06122401"},"headline":"Em parceria com as associa\u00e7\u00f5es","datePublished":"2022-11-29T11:21:00+00:00","mainEntityOfPage":{"@id":"https:\/\/area.owclientes.com.br\/?p=2247"},"wordCount":1069,"publisher":{"@id":"https:\/\/area.owclientes.com.br\/#organization"},"keywords":["Em parceria com as associa\u00e7\u00f5es"],"inLanguage":"en-US"},{"@type":"WebPage","@id":"https:\/\/area.owclientes.com.br\/?p=2247","url":"https:\/\/area.owclientes.com.br\/?p=2247","name":"Em parceria com as associa\u00e7\u00f5es - Area Wordpress","isPartOf":{"@id":"https:\/\/area.owclientes.com.br\/#website"},"datePublished":"2022-11-29T11:21:00+00:00","breadcrumb":{"@id":"https:\/\/area.owclientes.com.br\/?p=2247#breadcrumb"},"inLanguage":"en-US","potentialAction":[{"@type":"ReadAction","target":["https:\/\/area.owclientes.com.br\/?p=2247"]}]},{"@type":"BreadcrumbList","@id":"https:\/\/area.owclientes.com.br\/?p=2247#breadcrumb","itemListElement":[{"@type":"ListItem","position":1,"name":"Home","item":"https:\/\/area.owclientes.com.br\/"},{"@type":"ListItem","position":2,"name":"Em parceria com as associa\u00e7\u00f5es"}]},{"@type":"WebSite","@id":"https:\/\/area.owclientes.com.br\/#website","url":"https:\/\/area.owclientes.com.br\/","name":"AREA","description":"","publisher":{"@id":"https:\/\/area.owclientes.com.br\/#organization"},"potentialAction":[{"@type":"SearchAction","target":{"@type":"EntryPoint","urlTemplate":"https:\/\/area.owclientes.com.br\/?s={search_term_string}"},"query-input":{"@type":"PropertyValueSpecification","valueRequired":true,"valueName":"search_term_string"}}],"inLanguage":"en-US"},{"@type":"Organization","@id":"https:\/\/area.owclientes.com.br\/#organization","name":"Associa\u00e7\u00e3o Regional dos Engenheiros, Arquitetos e Agr\u00f4nomos de Avar\u00e9","url":"https:\/\/area.owclientes.com.br\/","logo":{"@type":"ImageObject","inLanguage":"en-US","@id":"https:\/\/area.owclientes.com.br\/#\/schema\/logo\/image\/","url":"https:\/\/area.owclientes.com.br\/wp-content\/uploads\/2026\/08\/logo.png","contentUrl":"https:\/\/area.owclientes.com.br\/wp-content\/uploads\/2026\/08\/logo.png","width":377,"height":100,"caption":"Associa\u00e7\u00e3o Regional dos Engenheiros, Arquitetos e Agr\u00f4nomos de Avar\u00e9"},"image":{"@id":"https:\/\/area.owclientes.com.br\/#\/schema\/logo\/image\/"},"sameAs":["https:\/\/www.facebook.com\/areaavare","https:\/\/www.instagram.com\/areaavare"]},{"@type":"Person","@id":"https:\/\/area.owclientes.com.br\/#\/schema\/person\/119c1e190225450f461a971e06122401","name":"admin","image":{"@type":"ImageObject","inLanguage":"en-US","@id":"https:\/\/secure.gravatar.com\/avatar\/0ef05f73fe6c593570f9c12ab9c253f744e5d40fd789df2e9c9152bb491a5559?s=96&d=mm&r=g","url":"https:\/\/secure.gravatar.com\/avatar\/0ef05f73fe6c593570f9c12ab9c253f744e5d40fd789df2e9c9152bb491a5559?s=96&d=mm&r=g","contentUrl":"https:\/\/secure.gravatar.com\/avatar\/0ef05f73fe6c593570f9c12ab9c253f744e5d40fd789df2e9c9152bb491a5559?s=96&d=mm&r=g","caption":"admin"},"sameAs":["https:\/\/area.owclientes.com.br"],"url":"https:\/\/area.owclientes.com.br\/?author=1"}]}},"_links":{"self":[{"href":"https:\/\/area.owclientes.com.br\/index.php?rest_route=\/wp\/v2\/posts\/2247","targetHints":{"allow":["GET"]}}],"collection":[{"href":"https:\/\/area.owclientes.com.br\/index.php?rest_route=\/wp\/v2\/posts"}],"about":[{"href":"https:\/\/area.owclientes.com.br\/index.php?rest_route=\/wp\/v2\/types\/post"}],"author":[{"embeddable":true,"href":"https:\/\/area.owclientes.com.br\/index.php?rest_route=\/wp\/v2\/users\/1"}],"replies":[{"embeddable":true,"href":"https:\/\/area.owclientes.com.br\/index.php?rest_route=%2Fwp%2Fv2%2Fcomments&post=2247"}],"version-history":[{"count":0,"href":"https:\/\/area.owclientes.com.br\/index.php?rest_route=\/wp\/v2\/posts\/2247\/revisions"}],"wp:attachment":[{"href":"https:\/\/area.owclientes.com.br\/index.php?rest_route=%2Fwp%2Fv2%2Fmedia&parent=2247"}],"wp:term":[{"taxonomy":"category","embeddable":true,"href":"https:\/\/area.owclientes.com.br\/index.php?rest_route=%2Fwp%2Fv2%2Fcategories&post=2247"},{"taxonomy":"post_tag","embeddable":true,"href":"https:\/\/area.owclientes.com.br\/index.php?rest_route=%2Fwp%2Fv2%2Ftags&post=2247"}],"curies":[{"name":"wp","href":"https:\/\/api.w.org\/{rel}","templated":true}]}}