{"id":2489,"date":"2024-10-22T11:06:00","date_gmt":"2024-10-22T11:06:00","guid":{"rendered":"https:\/\/area.owclientes.com.br\/?p=2489"},"modified":"2024-10-22T11:06:00","modified_gmt":"2024-10-22T11:06:00","slug":"semana-de-inovacao-em-engenharia-geociencias-e-agronomia-de-avare","status":"publish","type":"post","link":"https:\/\/area.owclientes.com.br\/?p=2489","title":{"rendered":"Semana de Inova\u00e7\u00e3o em Engenharia, Geoci\u00eancias e Agronomia de Avar\u00e9"},"content":{"rendered":"<p>A &quot;Semana AREA de Inova&ccedil;&atilde;o Tecnol&oacute;gica em Engenharia, Agronomia e Geoci&ecirc;ncias&quot; &eacute; um evento que visa promover o interc&acirc;mbio de conhecimentos, experi&ecirc;ncias e pr&aacute;ticas inovadoras nas &aacute;reas da engenharia, agronomia e geoci&ecirc;ncias.<\/p>\n<p>&Eacute; um evento promovido pela Associa&ccedil;&atilde;o Regional dos Engenheiros, Arquitetos e Agr&ocirc;nomos de Avar&eacute; &#8211; AREA , com o patroc&iacute;nio do Sistema Crea Confea, que congrega todos esses profissionais em nossa cidade e regi&atilde;o.<\/p>\n<p>Al&eacute;m disso, representa uma oportunidade importante para profissionais, pesquisadores, estudantes e entusiastas dessas &aacute;reas se reunirem e discutirem temas relevantes e emergentes. O evento tem um aspecto pr&aacute;tico, de colocar lado a lado profissionais experientes com jovens talentos de nossa comunidade e regi&atilde;o, para gerar um impacto positivo no futuro do munic&iacute;pio e regi&atilde;o do entorno.<\/p>\n<h1>Sobre nossa&nbsp; Associa&ccedil;&atilde;o<\/h1>\n<p>&nbsp;<\/p>\n<p>A AREA &ndash; Associa&ccedil;&atilde;o Regional dos Engenheiros, Ar-quitetos e Agr&ocirc;nomos de Avar&eacute; &eacute; uma entidade de classe, com 37 anos de atua&ccedil;&atilde;o em Avar&eacute; e regi&atilde;o, congregando profissionais das diversas modalidades de engenharia, arquitetura e agronomia.<\/p>\n<ul>\n<li>Finalidade:&nbsp; a defesa da &eacute;tica, da paz, da cidadania, do meio ambiente, dos direitos humanos, da democracia e de outros valores universais;<\/li>\n<li>Miss&atilde;o: Defesa e valoriza&ccedil;&atilde;o da classe tecnol&oacute;gica, o desenvolvimento da consci&ecirc;ncia &eacute;tica coletiva e a luta pela gest&atilde;o democr&aacute;tica e participativa, atrav&eacute;s da consecu&ccedil;&atilde;o de pol&iacute;ticas p&uacute;blicas que propiciem o avan&ccedil;o equilibrado de todos os segmentos sociais.<\/li>\n<li>Vis&atilde;o Futura:&nbsp; sugere inser&ccedil;&atilde;o do conhecimento tecnol&oacute;gico como uma das pilastras da intelig&ecirc;ncia coletiva em prol da preserva&ccedil;&atilde;o e do desenvolvimento harm&ocirc;nico da sociedade e o meio ambiente.<\/li>\n<\/ul>\n<h2>Programa&ccedil;&atilde;o do evento<\/h2>\n<p>O evento busca impulsionar o desenvolvimento regional e nacional por meio da promo&ccedil;&atilde;o da inova&ccedil;&atilde;o nessas disciplinas fundamentais.<\/p>\n<p>Vai contar tamb&eacute;m com &aacute;rea de exposi&ccedil;&atilde;o e neg&oacute;cios, onde empresas locais e regionais, al&eacute;m de universidades e do Confea, poder&atilde;o expor seus produtos, marcas e servi&ccedil;os, para a divulga&ccedil;&atilde;o e amplo conhecimento de todos.<\/p>\n<p>Inscreva-se pelo link:<\/p>\n<p><a href=\"https:\/\/forms.gle\/qWhEpkE1wuRdzC8P8\" target=\"_blank\">https:\/\/forms.gle\/qWhEpkE1wuRdzC8P8<\/a><\/p>\n<h3><strong>Dia 25\/11\/2024 (segunda)<\/strong><\/h3>\n<ul>\n<li>18:30 Credenciamento<\/li>\n<li>19:00&nbsp; <strong>Abertura&nbsp; Oficial da Semana de Inova&ccedil;&atilde;o e Tecnologia AREA<\/strong><\/li>\n<li>19h20 Palestra <strong>&ldquo;Mutua e seus Benef&iacute;cios&rdquo;<\/strong><\/li>\n<li>19:40 Palestra <strong>&quot;Inova&ccedil;&atilde;o e Desafios na Engenharia Civil do S&eacute;culo XXI&quot; <\/strong>&ndash; Eng. Civil Luiz Gustavo Cruz Trindade<\/li>\n<li>20:40 Palestra: <strong>&quot;<\/strong><strong>Implementa&ccedil;&otilde;es em BIM na Constru&ccedil;&atilde;o Civil&quot; <\/strong>Arquiteta&nbsp; e Urbanista Let&iacute;cia de Giorgio<\/li>\n<li>21:40 Mesa Redonda: <strong>&quot;Perspectivas Futuras e Tend&ecirc;ncias na Engenharia&quot;&nbsp; <\/strong><\/li>\n<\/ul>\n<h3><strong>Dia 26\/11\/2024 (ter&ccedil;a)&nbsp; <\/strong><\/h3>\n<ul>\n<li>18:30 Credenciamento<\/li>\n<li>19:00 Abertura do segundo Dia<\/li>\n<li>19:05 Apresenta&ccedil;&atilde;o O Sistema Confea\/CREA<\/li>\n<li>19:15&nbsp; Palestra: &quot;<strong>DESAFIOS E OPORTUNIDADES NA AGRICULTURA SUSTENT&Aacute;VEL&quot; Eng. Agr. Jos&eacute; Ant&ocirc;nio Quaggio<\/strong><\/li>\n<li>20:15 Palestra: <strong>&quot;A TECNOLOGIA FAVOR DA GEST&Atilde;O AGR&Iacute;COLA&quot;&nbsp; Fabricio Augusto Moraes Franco<\/strong><\/li>\n<li>21:15 &nbsp;Mesa Redonda: <strong>&quot;Caminhos para a Agricultura de Futuro&quot; <\/strong><\/li>\n<\/ul>\n<p><strong>Dia 27\/11\/2024 (quarta) <\/strong><\/p>\n<ul>\n<li>18:30 Credenciamento<\/li>\n<li>19:00 &nbsp;Abertura do segundo Dia<\/li>\n<li>19:05 Apresenta&ccedil;&atilde;o AREA e seus Benef&iacute;cios<\/li>\n<li>19:15 Palestra:<strong> &quot;Aplica&ccedil;&otilde;es de Geotecnologias na Gest&atilde;o Ambiental&quot;- Eng. Agr. Marcos Boock Rutigliano<\/strong><\/li>\n<li>20:30 Palestra: <strong>&quot;Inova&ccedil;&atilde;o Tecnol&oacute;gica na &aacute;rea da Energia Renov&aacute;vel&quot;&nbsp; <\/strong>Carlos Andriolli e Rogel Menegaz &ndash; WEG Solu&ccedil;&otilde;es Tecnol&oacute;gicas<\/li>\n<li>21:30 Mesa Redonda: <strong>&quot;Desafios e Solu&ccedil;&otilde;es Ambientais para o Futuro&quot;<\/strong><\/li>\n<\/ul>\n<p>&nbsp;<\/p>\n<h2>Objetivos<\/h2>\n<p>Entre os objetivos da &quot;Semana AREA da Inova&ccedil;&atilde;o Tecnol&oacute;gica&nbsp; em Engenharia, Agronomia e Geoci&ecirc;ncias&quot; podemos citar:<\/p>\n<p>1. Estimular o desenvolvimento e a ado&ccedil;&atilde;o de pr&aacute;ticas inovadoras nas &aacute;reas da engenharia, agronomia e geoci&ecirc;ncias, buscando solu&ccedil;&otilde;es criativas e eficientes para desafios contempor&acirc;neos.<\/p>\n<p>2. Proporcionar um ambiente prop&iacute;cio para a troca de experi&ecirc;ncias, conhecimentos e melhores pr&aacute;ticas entre profissionais, pesquisadores, estudantes e demais interessados, visando o enriquecimento m&uacute;tuo e o aprendizado colaborativo.<\/p>\n<p>3. Oferecer oportunidades de atualiza&ccedil;&atilde;o profissional e acad&ecirc;mica por meio de palestras, workshops pr&aacute;ticos, apresenta&ccedil;&otilde;es de trabalhos cient&iacute;ficos e exposi&ccedil;&otilde;es t&eacute;cnicas, contribuindo para o aprimoramento das habilidades e compet&ecirc;ncias dos participantes.<\/p>\n<p>4. Facilitar a intera&ccedil;&atilde;o entre profissionais, institui&ccedil;&otilde;es acad&ecirc;micas, empresas e demais entidades atuantes nas &aacute;reas da engenharia, agronomia e geoci&ecirc;ncias, com o intuito de promover o estabelecimento de parcerias estrat&eacute;gicas e colaborativas para futuros projetos e iniciativas.<\/p>\n<h2>Vantagens do Evento<\/h2>\n<h3>Grande p&uacute;blico visitante<\/h3>\n<p>O evento tem a expectative de receber mais de 500 visitantes qualificados, durante os 3 dias de evento.<\/p>\n<h3>Novidades e tend&ecirc;ncias<\/h3>\n<p>Aqui voc&ecirc; est&aacute; integrando o rol de empresas e profissionais que est&atilde;o na vanguarda da tecnologia, na cidade e regi&atilde;o<\/p>\n<h3>Exposi&ccedil;&atilde;o de marca<\/h3>\n<p>Teremos uma extensa lista de a&ccedil;&otilde;es de marketing e de divulga&ccedil;&atilde;o do evento, onde os patrocinadores e palestrantes ter&atilde;o prioridade na exposi&ccedil;&atilde;o<\/p>\n<h3>Integra&ccedil;&atilde;o com profissionais<\/h3>\n<p>Um dos objetivos do evento &eacute; integrar as marcas com os profissionais da cidade e regi&atilde;o, gerando networking e acesso a ger&ecirc;ncia e diretoria de empresas.<\/p>\n<h2>Plano de Divulga&ccedil;&atilde;o<\/h2>\n<h3>Marketing Digital<\/h3>\n<p>Utiliza&ccedil;&atilde;o de redes sociais (Facebook, Twitter, LinkedIn, Instagram) para compartilhar conte&uacute;dos relevantes, teasers das palestras e intera&ccedil;&atilde;o com o p&uacute;blico.<\/p>\n<h3>Parcerias e Apoio Institucional<\/h3>\n<p>Parceria com institui&ccedil;&otilde;es de ensino superior, &oacute;rg&atilde;os governamentais, empresas e associa&ccedil;&otilde;es ligadas &agrave;s &aacute;reas tem&aacute;ticas, buscando apoio na divulga&ccedil;&atilde;o do evento entre seus membros e colaboradores.<\/p>\n<h3>Material Gr&aacute;fico e Impresso<\/h3>\n<p>Elabora&ccedil;&atilde;o de materiais gr&aacute;ficos (cartazes, flyers, banners) para distribui&ccedil;&atilde;o em locais estrat&eacute;gicos como universidades, centros de pesquisa, empresas e &oacute;rg&atilde;os p&uacute;blicos.<\/p>\n<h3>Acompanhamento e Avalia&ccedil;&atilde;o<\/h3>\n<p>Monitoramento cont&iacute;nuo das m&eacute;tricas de desempenho das estrat&eacute;gias de divulga&ccedil;&atilde;o, como n&uacute;mero de inscritos, engajamento nas redes sociais, taxa de convers&atilde;o de leads, entre outros.<\/p>\n<h2>Fale Conosco<\/h2>\n<p><strong>Endere&ccedil;o<\/strong>:&nbsp;Rua dos Engenheiros, 26 18706-242 Avar&eacute;, SP<\/p>\n<p><strong>Telefones:&nbsp;<\/strong>(14) 3732-4688 |&nbsp;(14) 98149-7591<\/p>\n<p><strong>Nossa equipe:&nbsp;Silmara<\/strong> &ndash; 14 99735-9137 |&nbsp;Rog&eacute;rio &ndash; 16 -9743-0912<\/p>\n","protected":false},"excerpt":{"rendered":"<p>\u00c9 um evento promovido pela Associa\u00e7\u00e3o Regional dos Engenheiros, Arquitetos e Agr\u00f4nomos de Avar\u00e9 &#8211; AREA , com o patroc\u00ednio do Sistema Crea Confea, que congrega todos esses profissionais em nossa cidade e regi\u00e3o.<\/p>\n","protected":false},"author":1,"featured_media":2490,"comment_status":"closed","ping_status":"closed","sticky":false,"template":"","format":"standard","meta":{"footnotes":""},"categories":[1],"tags":[],"class_list":["post-2489","post","type-post","status-publish","format-standard","has-post-thumbnail","hentry","category-uncategorized"],"blocksy_meta":{"styles_descriptor":{"styles":{"desktop":"","tablet":"","mobile":""},"google_fonts":[],"version":7}},"yoast_head":"<!-- This site is optimized with the Yoast SEO plugin v28.4 - https:\/\/yoast.com\/product\/yoast-seo-wordpress\/ -->\n<title>Semana de Inova\u00e7\u00e3o em Engenharia, Geoci\u00eancias e Agronomia de Avar\u00e9 - Area Wordpress<\/title>\n<meta name=\"robots\" content=\"index, follow, max-snippet:-1, max-image-preview:large, max-video-preview:-1\" \/>\n<link rel=\"canonical\" href=\"https:\/\/area.owclientes.com.br\/?p=2489\" \/>\n<meta property=\"og:locale\" content=\"en_US\" \/>\n<meta property=\"og:type\" content=\"article\" \/>\n<meta property=\"og:title\" content=\"Semana de Inova\u00e7\u00e3o em Engenharia, Geoci\u00eancias e Agronomia de Avar\u00e9 - Area Wordpress\" \/>\n<meta property=\"og:description\" content=\"\u00c9 um evento promovido pela Associa\u00e7\u00e3o Regional dos Engenheiros, Arquitetos e Agr\u00f4nomos de Avar\u00e9 - AREA , com o patroc\u00ednio do Sistema Crea Confea, que congrega todos esses profissionais em nossa cidade e regi\u00e3o.\" \/>\n<meta property=\"og:url\" content=\"https:\/\/area.owclientes.com.br\/?p=2489\" \/>\n<meta property=\"og:site_name\" content=\"Area Wordpress\" \/>\n<meta property=\"article:publisher\" content=\"https:\/\/www.facebook.com\/areaavare\" \/>\n<meta property=\"article:published_time\" content=\"2024-10-22T11:06:00+00:00\" \/>\n<meta property=\"og:image\" content=\"https:\/\/area.owclientes.com.br\/wp-content\/uploads\/2024\/10\/noticia1729606758.jpg\" \/>\n\t<meta property=\"og:image:width\" content=\"1200\" \/>\n\t<meta property=\"og:image:height\" content=\"1200\" \/>\n\t<meta property=\"og:image:type\" content=\"image\/jpeg\" \/>\n<meta name=\"author\" content=\"admin\" \/>\n<meta name=\"twitter:card\" content=\"summary_large_image\" \/>\n<meta name=\"twitter:label1\" content=\"Written by\" \/>\n\t<meta name=\"twitter:data1\" content=\"admin\" \/>\n\t<meta name=\"twitter:label2\" content=\"Est. reading time\" \/>\n\t<meta name=\"twitter:data2\" content=\"6 minutes\" \/>\n<script type=\"application\/ld+json\" class=\"yoast-schema-graph\">{\"@context\":\"https:\\\/\\\/schema.org\",\"@graph\":[{\"@type\":\"Article\",\"@id\":\"https:\\\/\\\/area.owclientes.com.br\\\/?p=2489#article\",\"isPartOf\":{\"@id\":\"https:\\\/\\\/area.owclientes.com.br\\\/?p=2489\"},\"author\":{\"name\":\"admin\",\"@id\":\"https:\\\/\\\/area.owclientes.com.br\\\/#\\\/schema\\\/person\\\/119c1e190225450f461a971e06122401\"},\"headline\":\"Semana de Inova\u00e7\u00e3o em Engenharia, Geoci\u00eancias e Agronomia de Avar\u00e9\",\"datePublished\":\"2024-10-22T11:06:00+00:00\",\"mainEntityOfPage\":{\"@id\":\"https:\\\/\\\/area.owclientes.com.br\\\/?p=2489\"},\"wordCount\":1217,\"publisher\":{\"@id\":\"https:\\\/\\\/area.owclientes.com.br\\\/#organization\"},\"image\":{\"@id\":\"https:\\\/\\\/area.owclientes.com.br\\\/?p=2489#primaryimage\"},\"thumbnailUrl\":\"https:\\\/\\\/area.owclientes.com.br\\\/wp-content\\\/uploads\\\/2024\\\/10\\\/noticia1729606758.jpg\",\"inLanguage\":\"en-US\"},{\"@type\":\"WebPage\",\"@id\":\"https:\\\/\\\/area.owclientes.com.br\\\/?p=2489\",\"url\":\"https:\\\/\\\/area.owclientes.com.br\\\/?p=2489\",\"name\":\"Semana de Inova\u00e7\u00e3o em Engenharia, Geoci\u00eancias e Agronomia de Avar\u00e9 - Area Wordpress\",\"isPartOf\":{\"@id\":\"https:\\\/\\\/area.owclientes.com.br\\\/#website\"},\"primaryImageOfPage\":{\"@id\":\"https:\\\/\\\/area.owclientes.com.br\\\/?p=2489#primaryimage\"},\"image\":{\"@id\":\"https:\\\/\\\/area.owclientes.com.br\\\/?p=2489#primaryimage\"},\"thumbnailUrl\":\"https:\\\/\\\/area.owclientes.com.br\\\/wp-content\\\/uploads\\\/2024\\\/10\\\/noticia1729606758.jpg\",\"datePublished\":\"2024-10-22T11:06:00+00:00\",\"breadcrumb\":{\"@id\":\"https:\\\/\\\/area.owclientes.com.br\\\/?p=2489#breadcrumb\"},\"inLanguage\":\"en-US\",\"potentialAction\":[{\"@type\":\"ReadAction\",\"target\":[\"https:\\\/\\\/area.owclientes.com.br\\\/?p=2489\"]}]},{\"@type\":\"ImageObject\",\"inLanguage\":\"en-US\",\"@id\":\"https:\\\/\\\/area.owclientes.com.br\\\/?p=2489#primaryimage\",\"url\":\"https:\\\/\\\/area.owclientes.com.br\\\/wp-content\\\/uploads\\\/2024\\\/10\\\/noticia1729606758.jpg\",\"contentUrl\":\"https:\\\/\\\/area.owclientes.com.br\\\/wp-content\\\/uploads\\\/2024\\\/10\\\/noticia1729606758.jpg\",\"width\":1200,\"height\":1200},{\"@type\":\"BreadcrumbList\",\"@id\":\"https:\\\/\\\/area.owclientes.com.br\\\/?p=2489#breadcrumb\",\"itemListElement\":[{\"@type\":\"ListItem\",\"position\":1,\"name\":\"Home\",\"item\":\"https:\\\/\\\/area.owclientes.com.br\\\/\"},{\"@type\":\"ListItem\",\"position\":2,\"name\":\"Semana de Inova\u00e7\u00e3o em Engenharia, Geoci\u00eancias e Agronomia de Avar\u00e9\"}]},{\"@type\":\"WebSite\",\"@id\":\"https:\\\/\\\/area.owclientes.com.br\\\/#website\",\"url\":\"https:\\\/\\\/area.owclientes.com.br\\\/\",\"name\":\"AREA\",\"description\":\"\",\"publisher\":{\"@id\":\"https:\\\/\\\/area.owclientes.com.br\\\/#organization\"},\"potentialAction\":[{\"@type\":\"SearchAction\",\"target\":{\"@type\":\"EntryPoint\",\"urlTemplate\":\"https:\\\/\\\/area.owclientes.com.br\\\/?s={search_term_string}\"},\"query-input\":{\"@type\":\"PropertyValueSpecification\",\"valueRequired\":true,\"valueName\":\"search_term_string\"}}],\"inLanguage\":\"en-US\"},{\"@type\":\"Organization\",\"@id\":\"https:\\\/\\\/area.owclientes.com.br\\\/#organization\",\"name\":\"Associa\u00e7\u00e3o Regional dos Engenheiros, Arquitetos e Agr\u00f4nomos de Avar\u00e9\",\"url\":\"https:\\\/\\\/area.owclientes.com.br\\\/\",\"logo\":{\"@type\":\"ImageObject\",\"inLanguage\":\"en-US\",\"@id\":\"https:\\\/\\\/area.owclientes.com.br\\\/#\\\/schema\\\/logo\\\/image\\\/\",\"url\":\"https:\\\/\\\/area.owclientes.com.br\\\/wp-content\\\/uploads\\\/2026\\\/08\\\/logo.png\",\"contentUrl\":\"https:\\\/\\\/area.owclientes.com.br\\\/wp-content\\\/uploads\\\/2026\\\/08\\\/logo.png\",\"width\":377,\"height\":100,\"caption\":\"Associa\u00e7\u00e3o Regional dos Engenheiros, Arquitetos e Agr\u00f4nomos de Avar\u00e9\"},\"image\":{\"@id\":\"https:\\\/\\\/area.owclientes.com.br\\\/#\\\/schema\\\/logo\\\/image\\\/\"},\"sameAs\":[\"https:\\\/\\\/www.facebook.com\\\/areaavare\",\"https:\\\/\\\/www.instagram.com\\\/areaavare\"]},{\"@type\":\"Person\",\"@id\":\"https:\\\/\\\/area.owclientes.com.br\\\/#\\\/schema\\\/person\\\/119c1e190225450f461a971e06122401\",\"name\":\"admin\",\"image\":{\"@type\":\"ImageObject\",\"inLanguage\":\"en-US\",\"@id\":\"https:\\\/\\\/secure.gravatar.com\\\/avatar\\\/0ef05f73fe6c593570f9c12ab9c253f744e5d40fd789df2e9c9152bb491a5559?s=96&d=mm&r=g\",\"url\":\"https:\\\/\\\/secure.gravatar.com\\\/avatar\\\/0ef05f73fe6c593570f9c12ab9c253f744e5d40fd789df2e9c9152bb491a5559?s=96&d=mm&r=g\",\"contentUrl\":\"https:\\\/\\\/secure.gravatar.com\\\/avatar\\\/0ef05f73fe6c593570f9c12ab9c253f744e5d40fd789df2e9c9152bb491a5559?s=96&d=mm&r=g\",\"caption\":\"admin\"},\"sameAs\":[\"https:\\\/\\\/area.owclientes.com.br\"],\"url\":\"https:\\\/\\\/area.owclientes.com.br\\\/?author=1\"}]}<\/script>\n<!-- \/ Yoast SEO plugin. -->","yoast_head_json":{"title":"Semana de Inova\u00e7\u00e3o em Engenharia, Geoci\u00eancias e Agronomia de Avar\u00e9 - Area Wordpress","robots":{"index":"index","follow":"follow","max-snippet":"max-snippet:-1","max-image-preview":"max-image-preview:large","max-video-preview":"max-video-preview:-1"},"canonical":"https:\/\/area.owclientes.com.br\/?p=2489","og_locale":"en_US","og_type":"article","og_title":"Semana de Inova\u00e7\u00e3o em Engenharia, Geoci\u00eancias e Agronomia de Avar\u00e9 - Area Wordpress","og_description":"\u00c9 um evento promovido pela Associa\u00e7\u00e3o Regional dos Engenheiros, Arquitetos e Agr\u00f4nomos de Avar\u00e9 - AREA , com o patroc\u00ednio do Sistema Crea Confea, que congrega todos esses profissionais em nossa cidade e regi\u00e3o.","og_url":"https:\/\/area.owclientes.com.br\/?p=2489","og_site_name":"Area Wordpress","article_publisher":"https:\/\/www.facebook.com\/areaavare","article_published_time":"2024-10-22T11:06:00+00:00","og_image":[{"width":1200,"height":1200,"url":"https:\/\/area.owclientes.com.br\/wp-content\/uploads\/2024\/10\/noticia1729606758.jpg","type":"image\/jpeg"}],"author":"admin","twitter_card":"summary_large_image","twitter_misc":{"Written by":"admin","Est. reading time":"6 minutes"},"schema":{"@context":"https:\/\/schema.org","@graph":[{"@type":"Article","@id":"https:\/\/area.owclientes.com.br\/?p=2489#article","isPartOf":{"@id":"https:\/\/area.owclientes.com.br\/?p=2489"},"author":{"name":"admin","@id":"https:\/\/area.owclientes.com.br\/#\/schema\/person\/119c1e190225450f461a971e06122401"},"headline":"Semana de Inova\u00e7\u00e3o em Engenharia, Geoci\u00eancias e Agronomia de Avar\u00e9","datePublished":"2024-10-22T11:06:00+00:00","mainEntityOfPage":{"@id":"https:\/\/area.owclientes.com.br\/?p=2489"},"wordCount":1217,"publisher":{"@id":"https:\/\/area.owclientes.com.br\/#organization"},"image":{"@id":"https:\/\/area.owclientes.com.br\/?p=2489#primaryimage"},"thumbnailUrl":"https:\/\/area.owclientes.com.br\/wp-content\/uploads\/2024\/10\/noticia1729606758.jpg","inLanguage":"en-US"},{"@type":"WebPage","@id":"https:\/\/area.owclientes.com.br\/?p=2489","url":"https:\/\/area.owclientes.com.br\/?p=2489","name":"Semana de Inova\u00e7\u00e3o em Engenharia, Geoci\u00eancias e Agronomia de Avar\u00e9 - Area Wordpress","isPartOf":{"@id":"https:\/\/area.owclientes.com.br\/#website"},"primaryImageOfPage":{"@id":"https:\/\/area.owclientes.com.br\/?p=2489#primaryimage"},"image":{"@id":"https:\/\/area.owclientes.com.br\/?p=2489#primaryimage"},"thumbnailUrl":"https:\/\/area.owclientes.com.br\/wp-content\/uploads\/2024\/10\/noticia1729606758.jpg","datePublished":"2024-10-22T11:06:00+00:00","breadcrumb":{"@id":"https:\/\/area.owclientes.com.br\/?p=2489#breadcrumb"},"inLanguage":"en-US","potentialAction":[{"@type":"ReadAction","target":["https:\/\/area.owclientes.com.br\/?p=2489"]}]},{"@type":"ImageObject","inLanguage":"en-US","@id":"https:\/\/area.owclientes.com.br\/?p=2489#primaryimage","url":"https:\/\/area.owclientes.com.br\/wp-content\/uploads\/2024\/10\/noticia1729606758.jpg","contentUrl":"https:\/\/area.owclientes.com.br\/wp-content\/uploads\/2024\/10\/noticia1729606758.jpg","width":1200,"height":1200},{"@type":"BreadcrumbList","@id":"https:\/\/area.owclientes.com.br\/?p=2489#breadcrumb","itemListElement":[{"@type":"ListItem","position":1,"name":"Home","item":"https:\/\/area.owclientes.com.br\/"},{"@type":"ListItem","position":2,"name":"Semana de Inova\u00e7\u00e3o em Engenharia, Geoci\u00eancias e Agronomia de Avar\u00e9"}]},{"@type":"WebSite","@id":"https:\/\/area.owclientes.com.br\/#website","url":"https:\/\/area.owclientes.com.br\/","name":"AREA","description":"","publisher":{"@id":"https:\/\/area.owclientes.com.br\/#organization"},"potentialAction":[{"@type":"SearchAction","target":{"@type":"EntryPoint","urlTemplate":"https:\/\/area.owclientes.com.br\/?s={search_term_string}"},"query-input":{"@type":"PropertyValueSpecification","valueRequired":true,"valueName":"search_term_string"}}],"inLanguage":"en-US"},{"@type":"Organization","@id":"https:\/\/area.owclientes.com.br\/#organization","name":"Associa\u00e7\u00e3o Regional dos Engenheiros, Arquitetos e Agr\u00f4nomos de Avar\u00e9","url":"https:\/\/area.owclientes.com.br\/","logo":{"@type":"ImageObject","inLanguage":"en-US","@id":"https:\/\/area.owclientes.com.br\/#\/schema\/logo\/image\/","url":"https:\/\/area.owclientes.com.br\/wp-content\/uploads\/2026\/08\/logo.png","contentUrl":"https:\/\/area.owclientes.com.br\/wp-content\/uploads\/2026\/08\/logo.png","width":377,"height":100,"caption":"Associa\u00e7\u00e3o Regional dos Engenheiros, Arquitetos e Agr\u00f4nomos de Avar\u00e9"},"image":{"@id":"https:\/\/area.owclientes.com.br\/#\/schema\/logo\/image\/"},"sameAs":["https:\/\/www.facebook.com\/areaavare","https:\/\/www.instagram.com\/areaavare"]},{"@type":"Person","@id":"https:\/\/area.owclientes.com.br\/#\/schema\/person\/119c1e190225450f461a971e06122401","name":"admin","image":{"@type":"ImageObject","inLanguage":"en-US","@id":"https:\/\/secure.gravatar.com\/avatar\/0ef05f73fe6c593570f9c12ab9c253f744e5d40fd789df2e9c9152bb491a5559?s=96&d=mm&r=g","url":"https:\/\/secure.gravatar.com\/avatar\/0ef05f73fe6c593570f9c12ab9c253f744e5d40fd789df2e9c9152bb491a5559?s=96&d=mm&r=g","contentUrl":"https:\/\/secure.gravatar.com\/avatar\/0ef05f73fe6c593570f9c12ab9c253f744e5d40fd789df2e9c9152bb491a5559?s=96&d=mm&r=g","caption":"admin"},"sameAs":["https:\/\/area.owclientes.com.br"],"url":"https:\/\/area.owclientes.com.br\/?author=1"}]}},"_links":{"self":[{"href":"https:\/\/area.owclientes.com.br\/index.php?rest_route=\/wp\/v2\/posts\/2489","targetHints":{"allow":["GET"]}}],"collection":[{"href":"https:\/\/area.owclientes.com.br\/index.php?rest_route=\/wp\/v2\/posts"}],"about":[{"href":"https:\/\/area.owclientes.com.br\/index.php?rest_route=\/wp\/v2\/types\/post"}],"author":[{"embeddable":true,"href":"https:\/\/area.owclientes.com.br\/index.php?rest_route=\/wp\/v2\/users\/1"}],"replies":[{"embeddable":true,"href":"https:\/\/area.owclientes.com.br\/index.php?rest_route=%2Fwp%2Fv2%2Fcomments&post=2489"}],"version-history":[{"count":0,"href":"https:\/\/area.owclientes.com.br\/index.php?rest_route=\/wp\/v2\/posts\/2489\/revisions"}],"wp:featuredmedia":[{"embeddable":true,"href":"https:\/\/area.owclientes.com.br\/index.php?rest_route=\/wp\/v2\/media\/2490"}],"wp:attachment":[{"href":"https:\/\/area.owclientes.com.br\/index.php?rest_route=%2Fwp%2Fv2%2Fmedia&parent=2489"}],"wp:term":[{"taxonomy":"category","embeddable":true,"href":"https:\/\/area.owclientes.com.br\/index.php?rest_route=%2Fwp%2Fv2%2Fcategories&post=2489"},{"taxonomy":"post_tag","embeddable":true,"href":"https:\/\/area.owclientes.com.br\/index.php?rest_route=%2Fwp%2Fv2%2Ftags&post=2489"}],"curies":[{"name":"wp","href":"https:\/\/api.w.org\/{rel}","templated":true}]}}