{"id":2505,"date":"2024-11-13T14:58:00","date_gmt":"2024-11-13T14:58:00","guid":{"rendered":"https:\/\/area.owclientes.com.br\/?p=2505"},"modified":"2024-11-13T14:58:00","modified_gmt":"2024-11-13T14:58:00","slug":"edital-de-convocacao-20241114154531","status":"publish","type":"post","link":"https:\/\/area.owclientes.com.br\/?p=2505","title":{"rendered":"EDITAL DE CONVOCA\u00c7\u00c3O"},"content":{"rendered":"<p style=\"text-align:center\">EDITAL DE CONVOCA&Ccedil;&Atilde;O<\/p>\n<p style=\"text-align:center\">ASSEMBL&Eacute;IA GERAL ORDINARIA<\/p>\n<p style=\"text-align:center\">&nbsp;<\/p>\n<p>A AREA &#8211; Associa&ccedil;&atilde;o Regional dos Engenheiros, Arquitetos e Agr&ocirc;nomos de Avar&eacute;, em atendimento ao Artigo 77 do Estatuto Social, <strong>CONVOCA<\/strong> seus associados, quites e em pleno gozo de seus direitos, <strong>para Assembleia Geral Ordin&aacute;ria<\/strong> que se realizar&aacute; no <strong>dia 07 de dezembro de 2024(s&aacute;bado), &agrave;s 10h30m em primeira convoca&ccedil;&atilde;o e &agrave;s 10h45m em segunda convoca&ccedil;&atilde;o<\/strong>, em sua sede &agrave; Rua dos Engenheiros, 26 &ndash; Colina da Boa Vista &ndash; Munic&iacute;pio de Avar&eacute; &ndash; SP para deliberarem conforme a ordem do dia:<\/p>\n<p>&nbsp;<\/p>\n<ol>\n<li>Discuss&atilde;o e aprova&ccedil;&atilde;o do relat&oacute;rio das Contas referente ao exerc&iacute;cio social 2024;<\/li>\n<li>Discuss&atilde;o e aprova&ccedil;&atilde;o do or&ccedil;amento para o exerc&iacute;cio 2025;<\/li>\n<li>Discuss&atilde;o e aprova&ccedil;&atilde;o dos valores de contribui&ccedil;&otilde;es e taxas para o exerc&iacute;cio de 2025;<\/li>\n<li>Apresenta&ccedil;&atilde;o do relat&oacute;rio de atividades 2024;<\/li>\n<li>Elei&ccedil;&atilde;o da Diretoria Executiva;<\/li>\n<li>Elei&ccedil;&atilde;o dos membros do Conselho Deliberativo e Suplente (06 titulares e 01 suplente);<\/li>\n<li>Elei&ccedil;&atilde;o dos membros do Conselho Fiscal e suplente (03 titulares e 01 suplente);<\/li>\n<li>Elei&ccedil;&atilde;o do Conselho ouvidor para a Comiss&atilde;o de &Eacute;tica e Disciplina Profissional;<\/li>\n<li>Elei&ccedil;&atilde;o dos representantes (Titular e Suplente) da AREA junto &agrave; C&acirc;mara Especializada do CREA-SP;<\/li>\n<li>Posse da Diretoria Executiva e dos demais membros dos Conselhos e Ouvidor da Comiss&atilde;o de &Eacute;tica eleitos para o bi&ecirc;nio 2025\/2026.<\/li>\n<\/ol>\n<p style=\"margin-left:42.0pt\">&nbsp;<\/p>\n<p>As inscri&ccedil;&otilde;es para as elei&ccedil;&otilde;es dever&atilde;o ser efetuadas na secretaria da Entidade at&eacute; as 10h30 do dia 05\/12\/2024(quinta-feira).<\/p>\n<p>&nbsp;<\/p>\n<p>As chapas concorrentes &agrave; Diretoria Executiva dever&atilde;o ser completas e vinculadas (nove membros), sendo que os integrantes devem estar em pleno gozo de seus direitos junto ao Conselho Regional. No ato da inscri&ccedil;&atilde;o dever&atilde;o apresentar o plano de trabalho para o bi&ecirc;nio (impresso e digital). A composi&ccedil;&atilde;o da chapa dever&aacute; contar com a representa&ccedil;&atilde;o m&iacute;nima de tr&ecirc;s modalidades distintas, n&atilde;o se permitindo que o vice presidente seja da mesma modalidade do presidente.<\/p>\n<p>&nbsp;<\/p>\n<p>As candidaturas ao Conselho Deliberativo, ao Conselho Fiscal e para Ouvidor da Comiss&atilde;o de &Eacute;tica, s&atilde;o aut&ocirc;nomas, ou seja, os candidatos concorrer&atilde;o de forma independente, vedando-se a acumula&ccedil;&atilde;o de cargos de Conselheiros e de Diretoria, salvo para o cargo de Ouvidor da Comiss&atilde;o de &Eacute;tica e Disciplina Profissional.<\/p>\n<p>&nbsp;<\/p>\n<p>Os concorrentes a Conselheiro Ouvidor junto &agrave; Comiss&atilde;o de &Eacute;tica dever&atilde;o obrigatoriamente possuir mais de 03 (tr&ecirc;s) anos de inscri&ccedil;&atilde;o na AREA, bem como estarem em pleno gozo de seus direitos junto ao Conselho Regional.<\/p>\n<p>&nbsp;<\/p>\n<p>A candidatura para representantes junto ao&nbsp; Conselheiro Regional de Engenharia e Agronomia do Estado de S&atilde;o Paulo &ndash; CREA-SP, poder&aacute; ser de qualquer das nove &aacute;reas que comp&otilde;e o Plen&aacute;rio do CREA-SP, ser&aacute; vinculada, ou seja, Titular e Suplente, devendo portanto, serem da mesma &aacute;rea de atua&ccedil;&atilde;o, assim como, devem apresentar no ato da inscri&ccedil;&atilde;o proposta de trabalho e certid&atilde;o de inteiro teor emitida pelo CREA-SP na qual n&atilde;o constem processos &eacute;ticos em seus nomes.<\/p>\n<p>&nbsp;<\/p>\n<p>Os mandatos dos eleitos para a Diretoria Executiva, Conselho Fiscal, Conselho Deliberativo e Ouvidor da Comiss&atilde;o de &Eacute;tica ter&atilde;o dura&ccedil;&atilde;o de dois anos, coincidindo-se seu inicio e t&eacute;rmino, iniciando-se em 01\/01\/2025 at&eacute; 31\/12\/2026.<\/p>\n<p>&nbsp;<\/p>\n<p>Avar&eacute;, 13 de novembro de 2024.<\/p>\n<p>&nbsp;<\/p>\n<p style=\"margin-left:17.85pt\">&nbsp;<\/p>\n<p style=\"margin-left:17.85pt\">&nbsp;<\/p>\n<p style=\"margin-left:17.85pt\">Eng. Agr. Jo&atilde;o Caetano Neto<\/p>\n<p style=\"margin-left:17.85pt\">CREA-SP 5063419281<\/p>\n<p style=\"margin-left:17.85pt\">Presidente AREA<\/p>\n","protected":false},"excerpt":{"rendered":"<p>ASSEMBL\u00c9IA GERAL ORDINARIA<\/p>\n","protected":false},"author":1,"featured_media":2506,"comment_status":"closed","ping_status":"closed","sticky":false,"template":"","format":"standard","meta":{"footnotes":""},"categories":[1],"tags":[1290],"class_list":["post-2505","post","type-post","status-publish","format-standard","has-post-thumbnail","hentry","category-uncategorized","tag-edital-de-convocacao"],"blocksy_meta":{"styles_descriptor":{"styles":{"desktop":"","tablet":"","mobile":""},"google_fonts":[],"version":7}},"yoast_head":"<!-- This site is optimized with the Yoast SEO plugin v28.4 - https:\/\/yoast.com\/product\/yoast-seo-wordpress\/ -->\n<title>EDITAL DE CONVOCA\u00c7\u00c3O - Area Wordpress<\/title>\n<meta name=\"robots\" content=\"index, follow, max-snippet:-1, max-image-preview:large, max-video-preview:-1\" \/>\n<link rel=\"canonical\" href=\"https:\/\/area.owclientes.com.br\/?p=2505\" \/>\n<meta property=\"og:locale\" content=\"en_US\" \/>\n<meta property=\"og:type\" content=\"article\" \/>\n<meta property=\"og:title\" content=\"EDITAL DE CONVOCA\u00c7\u00c3O - Area Wordpress\" \/>\n<meta property=\"og:description\" content=\"ASSEMBL\u00c9IA GERAL ORDINARIA\" \/>\n<meta property=\"og:url\" content=\"https:\/\/area.owclientes.com.br\/?p=2505\" \/>\n<meta property=\"og:site_name\" content=\"Area Wordpress\" \/>\n<meta property=\"article:publisher\" content=\"https:\/\/www.facebook.com\/areaavare\" \/>\n<meta property=\"article:published_time\" content=\"2024-11-13T14:58:00+00:00\" \/>\n<meta property=\"og:image\" content=\"https:\/\/area.owclientes.com.br\/wp-content\/uploads\/2024\/11\/edital-de-convocacao1731609907.jpg\" \/>\n\t<meta property=\"og:image:width\" content=\"1200\" \/>\n\t<meta property=\"og:image:height\" content=\"1200\" \/>\n\t<meta property=\"og:image:type\" content=\"image\/jpeg\" \/>\n<meta name=\"author\" content=\"admin\" \/>\n<meta name=\"twitter:card\" content=\"summary_large_image\" \/>\n<meta name=\"twitter:label1\" content=\"Written by\" \/>\n\t<meta name=\"twitter:data1\" content=\"admin\" \/>\n\t<meta name=\"twitter:label2\" content=\"Est. reading time\" \/>\n\t<meta name=\"twitter:data2\" content=\"3 minutes\" \/>\n<script type=\"application\/ld+json\" class=\"yoast-schema-graph\">{\"@context\":\"https:\\\/\\\/schema.org\",\"@graph\":[{\"@type\":\"Article\",\"@id\":\"https:\\\/\\\/area.owclientes.com.br\\\/?p=2505#article\",\"isPartOf\":{\"@id\":\"https:\\\/\\\/area.owclientes.com.br\\\/?p=2505\"},\"author\":{\"name\":\"admin\",\"@id\":\"https:\\\/\\\/area.owclientes.com.br\\\/#\\\/schema\\\/person\\\/119c1e190225450f461a971e06122401\"},\"headline\":\"EDITAL DE CONVOCA\u00c7\u00c3O\",\"datePublished\":\"2024-11-13T14:58:00+00:00\",\"mainEntityOfPage\":{\"@id\":\"https:\\\/\\\/area.owclientes.com.br\\\/?p=2505\"},\"wordCount\":679,\"publisher\":{\"@id\":\"https:\\\/\\\/area.owclientes.com.br\\\/#organization\"},\"image\":{\"@id\":\"https:\\\/\\\/area.owclientes.com.br\\\/?p=2505#primaryimage\"},\"thumbnailUrl\":\"https:\\\/\\\/area.owclientes.com.br\\\/wp-content\\\/uploads\\\/2024\\\/11\\\/edital-de-convocacao1731609907.jpg\",\"keywords\":[\"EDITAL DE CONVOCA\u00c7\u00c3O\"],\"inLanguage\":\"en-US\"},{\"@type\":\"WebPage\",\"@id\":\"https:\\\/\\\/area.owclientes.com.br\\\/?p=2505\",\"url\":\"https:\\\/\\\/area.owclientes.com.br\\\/?p=2505\",\"name\":\"EDITAL DE CONVOCA\u00c7\u00c3O - Area Wordpress\",\"isPartOf\":{\"@id\":\"https:\\\/\\\/area.owclientes.com.br\\\/#website\"},\"primaryImageOfPage\":{\"@id\":\"https:\\\/\\\/area.owclientes.com.br\\\/?p=2505#primaryimage\"},\"image\":{\"@id\":\"https:\\\/\\\/area.owclientes.com.br\\\/?p=2505#primaryimage\"},\"thumbnailUrl\":\"https:\\\/\\\/area.owclientes.com.br\\\/wp-content\\\/uploads\\\/2024\\\/11\\\/edital-de-convocacao1731609907.jpg\",\"datePublished\":\"2024-11-13T14:58:00+00:00\",\"breadcrumb\":{\"@id\":\"https:\\\/\\\/area.owclientes.com.br\\\/?p=2505#breadcrumb\"},\"inLanguage\":\"en-US\",\"potentialAction\":[{\"@type\":\"ReadAction\",\"target\":[\"https:\\\/\\\/area.owclientes.com.br\\\/?p=2505\"]}]},{\"@type\":\"ImageObject\",\"inLanguage\":\"en-US\",\"@id\":\"https:\\\/\\\/area.owclientes.com.br\\\/?p=2505#primaryimage\",\"url\":\"https:\\\/\\\/area.owclientes.com.br\\\/wp-content\\\/uploads\\\/2024\\\/11\\\/edital-de-convocacao1731609907.jpg\",\"contentUrl\":\"https:\\\/\\\/area.owclientes.com.br\\\/wp-content\\\/uploads\\\/2024\\\/11\\\/edital-de-convocacao1731609907.jpg\",\"width\":1200,\"height\":1200},{\"@type\":\"BreadcrumbList\",\"@id\":\"https:\\\/\\\/area.owclientes.com.br\\\/?p=2505#breadcrumb\",\"itemListElement\":[{\"@type\":\"ListItem\",\"position\":1,\"name\":\"Home\",\"item\":\"https:\\\/\\\/area.owclientes.com.br\\\/\"},{\"@type\":\"ListItem\",\"position\":2,\"name\":\"EDITAL DE CONVOCA\u00c7\u00c3O\"}]},{\"@type\":\"WebSite\",\"@id\":\"https:\\\/\\\/area.owclientes.com.br\\\/#website\",\"url\":\"https:\\\/\\\/area.owclientes.com.br\\\/\",\"name\":\"AREA\",\"description\":\"\",\"publisher\":{\"@id\":\"https:\\\/\\\/area.owclientes.com.br\\\/#organization\"},\"potentialAction\":[{\"@type\":\"SearchAction\",\"target\":{\"@type\":\"EntryPoint\",\"urlTemplate\":\"https:\\\/\\\/area.owclientes.com.br\\\/?s={search_term_string}\"},\"query-input\":{\"@type\":\"PropertyValueSpecification\",\"valueRequired\":true,\"valueName\":\"search_term_string\"}}],\"inLanguage\":\"en-US\"},{\"@type\":\"Organization\",\"@id\":\"https:\\\/\\\/area.owclientes.com.br\\\/#organization\",\"name\":\"Associa\u00e7\u00e3o Regional dos Engenheiros, Arquitetos e Agr\u00f4nomos de Avar\u00e9\",\"url\":\"https:\\\/\\\/area.owclientes.com.br\\\/\",\"logo\":{\"@type\":\"ImageObject\",\"inLanguage\":\"en-US\",\"@id\":\"https:\\\/\\\/area.owclientes.com.br\\\/#\\\/schema\\\/logo\\\/image\\\/\",\"url\":\"https:\\\/\\\/area.owclientes.com.br\\\/wp-content\\\/uploads\\\/2026\\\/08\\\/logo.png\",\"contentUrl\":\"https:\\\/\\\/area.owclientes.com.br\\\/wp-content\\\/uploads\\\/2026\\\/08\\\/logo.png\",\"width\":377,\"height\":100,\"caption\":\"Associa\u00e7\u00e3o Regional dos Engenheiros, Arquitetos e Agr\u00f4nomos de Avar\u00e9\"},\"image\":{\"@id\":\"https:\\\/\\\/area.owclientes.com.br\\\/#\\\/schema\\\/logo\\\/image\\\/\"},\"sameAs\":[\"https:\\\/\\\/www.facebook.com\\\/areaavare\",\"https:\\\/\\\/www.instagram.com\\\/areaavare\"]},{\"@type\":\"Person\",\"@id\":\"https:\\\/\\\/area.owclientes.com.br\\\/#\\\/schema\\\/person\\\/119c1e190225450f461a971e06122401\",\"name\":\"admin\",\"image\":{\"@type\":\"ImageObject\",\"inLanguage\":\"en-US\",\"@id\":\"https:\\\/\\\/secure.gravatar.com\\\/avatar\\\/0ef05f73fe6c593570f9c12ab9c253f744e5d40fd789df2e9c9152bb491a5559?s=96&d=mm&r=g\",\"url\":\"https:\\\/\\\/secure.gravatar.com\\\/avatar\\\/0ef05f73fe6c593570f9c12ab9c253f744e5d40fd789df2e9c9152bb491a5559?s=96&d=mm&r=g\",\"contentUrl\":\"https:\\\/\\\/secure.gravatar.com\\\/avatar\\\/0ef05f73fe6c593570f9c12ab9c253f744e5d40fd789df2e9c9152bb491a5559?s=96&d=mm&r=g\",\"caption\":\"admin\"},\"sameAs\":[\"https:\\\/\\\/area.owclientes.com.br\"],\"url\":\"https:\\\/\\\/area.owclientes.com.br\\\/?author=1\"}]}<\/script>\n<!-- \/ Yoast SEO plugin. -->","yoast_head_json":{"title":"EDITAL DE CONVOCA\u00c7\u00c3O - Area Wordpress","robots":{"index":"index","follow":"follow","max-snippet":"max-snippet:-1","max-image-preview":"max-image-preview:large","max-video-preview":"max-video-preview:-1"},"canonical":"https:\/\/area.owclientes.com.br\/?p=2505","og_locale":"en_US","og_type":"article","og_title":"EDITAL DE CONVOCA\u00c7\u00c3O - Area Wordpress","og_description":"ASSEMBL\u00c9IA GERAL ORDINARIA","og_url":"https:\/\/area.owclientes.com.br\/?p=2505","og_site_name":"Area Wordpress","article_publisher":"https:\/\/www.facebook.com\/areaavare","article_published_time":"2024-11-13T14:58:00+00:00","og_image":[{"width":1200,"height":1200,"url":"https:\/\/area.owclientes.com.br\/wp-content\/uploads\/2024\/11\/edital-de-convocacao1731609907.jpg","type":"image\/jpeg"}],"author":"admin","twitter_card":"summary_large_image","twitter_misc":{"Written by":"admin","Est. reading time":"3 minutes"},"schema":{"@context":"https:\/\/schema.org","@graph":[{"@type":"Article","@id":"https:\/\/area.owclientes.com.br\/?p=2505#article","isPartOf":{"@id":"https:\/\/area.owclientes.com.br\/?p=2505"},"author":{"name":"admin","@id":"https:\/\/area.owclientes.com.br\/#\/schema\/person\/119c1e190225450f461a971e06122401"},"headline":"EDITAL DE CONVOCA\u00c7\u00c3O","datePublished":"2024-11-13T14:58:00+00:00","mainEntityOfPage":{"@id":"https:\/\/area.owclientes.com.br\/?p=2505"},"wordCount":679,"publisher":{"@id":"https:\/\/area.owclientes.com.br\/#organization"},"image":{"@id":"https:\/\/area.owclientes.com.br\/?p=2505#primaryimage"},"thumbnailUrl":"https:\/\/area.owclientes.com.br\/wp-content\/uploads\/2024\/11\/edital-de-convocacao1731609907.jpg","keywords":["EDITAL DE CONVOCA\u00c7\u00c3O"],"inLanguage":"en-US"},{"@type":"WebPage","@id":"https:\/\/area.owclientes.com.br\/?p=2505","url":"https:\/\/area.owclientes.com.br\/?p=2505","name":"EDITAL DE CONVOCA\u00c7\u00c3O - Area Wordpress","isPartOf":{"@id":"https:\/\/area.owclientes.com.br\/#website"},"primaryImageOfPage":{"@id":"https:\/\/area.owclientes.com.br\/?p=2505#primaryimage"},"image":{"@id":"https:\/\/area.owclientes.com.br\/?p=2505#primaryimage"},"thumbnailUrl":"https:\/\/area.owclientes.com.br\/wp-content\/uploads\/2024\/11\/edital-de-convocacao1731609907.jpg","datePublished":"2024-11-13T14:58:00+00:00","breadcrumb":{"@id":"https:\/\/area.owclientes.com.br\/?p=2505#breadcrumb"},"inLanguage":"en-US","potentialAction":[{"@type":"ReadAction","target":["https:\/\/area.owclientes.com.br\/?p=2505"]}]},{"@type":"ImageObject","inLanguage":"en-US","@id":"https:\/\/area.owclientes.com.br\/?p=2505#primaryimage","url":"https:\/\/area.owclientes.com.br\/wp-content\/uploads\/2024\/11\/edital-de-convocacao1731609907.jpg","contentUrl":"https:\/\/area.owclientes.com.br\/wp-content\/uploads\/2024\/11\/edital-de-convocacao1731609907.jpg","width":1200,"height":1200},{"@type":"BreadcrumbList","@id":"https:\/\/area.owclientes.com.br\/?p=2505#breadcrumb","itemListElement":[{"@type":"ListItem","position":1,"name":"Home","item":"https:\/\/area.owclientes.com.br\/"},{"@type":"ListItem","position":2,"name":"EDITAL DE CONVOCA\u00c7\u00c3O"}]},{"@type":"WebSite","@id":"https:\/\/area.owclientes.com.br\/#website","url":"https:\/\/area.owclientes.com.br\/","name":"AREA","description":"","publisher":{"@id":"https:\/\/area.owclientes.com.br\/#organization"},"potentialAction":[{"@type":"SearchAction","target":{"@type":"EntryPoint","urlTemplate":"https:\/\/area.owclientes.com.br\/?s={search_term_string}"},"query-input":{"@type":"PropertyValueSpecification","valueRequired":true,"valueName":"search_term_string"}}],"inLanguage":"en-US"},{"@type":"Organization","@id":"https:\/\/area.owclientes.com.br\/#organization","name":"Associa\u00e7\u00e3o Regional dos Engenheiros, Arquitetos e Agr\u00f4nomos de Avar\u00e9","url":"https:\/\/area.owclientes.com.br\/","logo":{"@type":"ImageObject","inLanguage":"en-US","@id":"https:\/\/area.owclientes.com.br\/#\/schema\/logo\/image\/","url":"https:\/\/area.owclientes.com.br\/wp-content\/uploads\/2026\/08\/logo.png","contentUrl":"https:\/\/area.owclientes.com.br\/wp-content\/uploads\/2026\/08\/logo.png","width":377,"height":100,"caption":"Associa\u00e7\u00e3o Regional dos Engenheiros, Arquitetos e Agr\u00f4nomos de Avar\u00e9"},"image":{"@id":"https:\/\/area.owclientes.com.br\/#\/schema\/logo\/image\/"},"sameAs":["https:\/\/www.facebook.com\/areaavare","https:\/\/www.instagram.com\/areaavare"]},{"@type":"Person","@id":"https:\/\/area.owclientes.com.br\/#\/schema\/person\/119c1e190225450f461a971e06122401","name":"admin","image":{"@type":"ImageObject","inLanguage":"en-US","@id":"https:\/\/secure.gravatar.com\/avatar\/0ef05f73fe6c593570f9c12ab9c253f744e5d40fd789df2e9c9152bb491a5559?s=96&d=mm&r=g","url":"https:\/\/secure.gravatar.com\/avatar\/0ef05f73fe6c593570f9c12ab9c253f744e5d40fd789df2e9c9152bb491a5559?s=96&d=mm&r=g","contentUrl":"https:\/\/secure.gravatar.com\/avatar\/0ef05f73fe6c593570f9c12ab9c253f744e5d40fd789df2e9c9152bb491a5559?s=96&d=mm&r=g","caption":"admin"},"sameAs":["https:\/\/area.owclientes.com.br"],"url":"https:\/\/area.owclientes.com.br\/?author=1"}]}},"_links":{"self":[{"href":"https:\/\/area.owclientes.com.br\/index.php?rest_route=\/wp\/v2\/posts\/2505","targetHints":{"allow":["GET"]}}],"collection":[{"href":"https:\/\/area.owclientes.com.br\/index.php?rest_route=\/wp\/v2\/posts"}],"about":[{"href":"https:\/\/area.owclientes.com.br\/index.php?rest_route=\/wp\/v2\/types\/post"}],"author":[{"embeddable":true,"href":"https:\/\/area.owclientes.com.br\/index.php?rest_route=\/wp\/v2\/users\/1"}],"replies":[{"embeddable":true,"href":"https:\/\/area.owclientes.com.br\/index.php?rest_route=%2Fwp%2Fv2%2Fcomments&post=2505"}],"version-history":[{"count":0,"href":"https:\/\/area.owclientes.com.br\/index.php?rest_route=\/wp\/v2\/posts\/2505\/revisions"}],"wp:featuredmedia":[{"embeddable":true,"href":"https:\/\/area.owclientes.com.br\/index.php?rest_route=\/wp\/v2\/media\/2506"}],"wp:attachment":[{"href":"https:\/\/area.owclientes.com.br\/index.php?rest_route=%2Fwp%2Fv2%2Fmedia&parent=2505"}],"wp:term":[{"taxonomy":"category","embeddable":true,"href":"https:\/\/area.owclientes.com.br\/index.php?rest_route=%2Fwp%2Fv2%2Fcategories&post=2505"},{"taxonomy":"post_tag","embeddable":true,"href":"https:\/\/area.owclientes.com.br\/index.php?rest_route=%2Fwp%2Fv2%2Ftags&post=2505"}],"curies":[{"name":"wp","href":"https:\/\/api.w.org\/{rel}","templated":true}]}}