{"id":3331,"date":"2026-08-20T11:36:00","date_gmt":"2026-08-20T11:36:00","guid":{"rendered":"https:\/\/area.owclientes.com.br\/?p=3331"},"modified":"2026-08-20T11:36:00","modified_gmt":"2026-08-20T11:36:00","slug":"area-homenageia-dra-zilah-ramires-ferreira","status":"publish","type":"post","link":"https:\/\/area.owclientes.com.br\/?p=3331","title":{"rendered":"AREA homenageia Dra. Zilah Ramires Ferreira"},"content":{"rendered":"<p>A <strong>AREA &ndash; Associa&ccedil;&atilde;o Regional de Engenharia, Arquitetura e Agronomia de Avar&eacute;<\/strong> homenagear&aacute; a <strong>Dra. Zilah Ramires Ferreira<\/strong> com o <strong>11&ordm; Pr&ecirc;mio Milton Silva<\/strong>, em reconhecimento ao seu expressivo <strong>trabalho social, volunt&aacute;rio e filantr&oacute;pico desenvolvido em benef&iacute;cio da comunidade<\/strong>, principalmente em favor da inclus&atilde;o e da&nbsp; inf&acirc;ncia.<\/p>\n<p>Institu&iacute;do pela AREA em <strong>2004<\/strong>, o Pr&ecirc;mio Milton Silva tem como prop&oacute;sito reconhecer pessoas que se destacam na sociedade por <strong>a&ccedil;&otilde;es de solidariedade, filantropia ou pela presta&ccedil;&atilde;o gratuita de servi&ccedil;os em benef&iacute;cio da coletividade<\/strong>. A homenagem segue a filosofia de valorizar publicamente, pessoas que fazem a diferen&ccedil;a e cujo exemplo pode inspirar novas a&ccedil;&otilde;es em benef&iacute;cio da sociedade.<\/p>\n<p>A Dra. Zilah, que &eacute; <strong>Ju&iacute;za do Trabalho<\/strong>, tem sua trajet&oacute;ria profissional associada &agrave; Justi&ccedil;a, mas &eacute; principalmente por sua <strong>atua&ccedil;&atilde;o social e filantr&oacute;pica volunt&aacute;ria<\/strong> que recebe esta honraria.<\/p>\n<p>Como <strong>m&atilde;e at&iacute;pica e defensora dos direitos humanos<\/strong>, &eacute; autora do livro infantil <strong>&ldquo;O Menino Azul e a Fam&iacute;lia Colorida&rdquo;<\/strong>, utilizando a literatura como instrumento de conscientiza&ccedil;&atilde;o sobre respeito &agrave;s diferen&ccedil;as e inclus&atilde;o.<\/p>\n<p>De forma volunt&aacute;ria, participa de <strong>palestras, rodas de conversa e eventos de conscientiza&ccedil;&atilde;o sobre o Transtorno do Espectro Autista (TEA)<\/strong>, contribuindo para orientar e acolher pais, m&atilde;es e cuidadores at&iacute;picos. Seu trabalho tem ajudado fam&iacute;lias da regi&atilde;o a conhecer seus direitos e a buscar melhores condi&ccedil;&otilde;es de inclus&atilde;o escolar e social.<\/p>\n<p>Outro destaque de sua atua&ccedil;&atilde;o &eacute; o apoio &agrave; <strong>prote&ccedil;&atilde;o da inf&acirc;ncia<\/strong>. Dra. Zilah participa da mobiliza&ccedil;&atilde;o de campanhas solid&aacute;rias, como o <strong>&ldquo;Apadrinhe uma Crian&ccedil;a&rdquo;<\/strong>, contribuindo para a arrecada&ccedil;&atilde;o e doa&ccedil;&atilde;o de livros, materiais e insumos pedag&oacute;gicos destinados &agrave;s crian&ccedil;as acolhidas pela <strong>Casa de Acolhimento de Avar&eacute;<\/strong>.<\/p>\n<p>Tamb&eacute;m atua voluntariamente na &aacute;rea de <strong>educa&ccedil;&atilde;o para a cidadania<\/strong>, por meio da coordena&ccedil;&atilde;o regional do projeto <strong>&ldquo;Trabalho, Justi&ccedil;a e Cidadania &ndash; TJC&rdquo;<\/strong>, levando a escolas p&uacute;blicas e turmas de EJA informa&ccedil;&otilde;es sobre direitos, deveres, cidadania e combate ao trabalho infantil.<\/p>\n<p>Para a AREA, essas iniciativas traduzem exatamente o esp&iacute;rito do <strong>Pr&ecirc;mio Milton Silva<\/strong>: reconhecer pessoas que dedicam parte de sua vida a ajudar o pr&oacute;ximo, transformar realidades e construir uma sociedade mais solid&aacute;ria.<\/p>\n<p>A <strong>outorga do 11&ordm; Pr&ecirc;mio Milton Silva<\/strong> acontecer&aacute; no dia <strong>29 de agosto de 2026<\/strong>, durante a solenidade comemorativa do <strong>39&ordm; anivers&aacute;rio da AREA<\/strong>, reunindo dirigentes, associados, autoridades e convidados para celebrar a hist&oacute;ria da entidade e homenagear uma cidad&atilde; cuja dedica&ccedil;&atilde;o volunt&aacute;ria tem contribu&iacute;do para tornar Avar&eacute; uma comunidade mais inclusiva e solid&aacute;ria.<\/p>\n<p><strong>A AREA reconhece e celebra, nesta 11&ordf; edi&ccedil;&atilde;o do Pr&ecirc;mio Milton Silva, n&atilde;o apenas uma trajet&oacute;ria profissional, mas principalmente uma trajet&oacute;ria de dedica&ccedil;&atilde;o ao pr&oacute;ximo.<\/strong><\/p>\n<p>&nbsp;<\/p>\n","protected":false},"excerpt":{"rendered":"<p>11\u00ba Pr\u00eamio Milton Silva<\/p>\n","protected":false},"author":1,"featured_media":3332,"comment_status":"closed","ping_status":"closed","sticky":false,"template":"","format":"standard","meta":{"footnotes":""},"categories":[1],"tags":[],"class_list":["post-3331","post","type-post","status-publish","format-standard","has-post-thumbnail","hentry","category-uncategorized"],"blocksy_meta":{"styles_descriptor":{"styles":{"desktop":"","tablet":"","mobile":""},"google_fonts":[],"version":7}},"yoast_head":"<!-- This site is optimized with the Yoast SEO plugin v28.4 - https:\/\/yoast.com\/product\/yoast-seo-wordpress\/ -->\n<title>AREA homenageia Dra. Zilah Ramires Ferreira - Area Wordpress<\/title>\n<meta name=\"robots\" content=\"index, follow, max-snippet:-1, max-image-preview:large, max-video-preview:-1\" \/>\n<link rel=\"canonical\" href=\"https:\/\/area.owclientes.com.br\/?p=3331\" \/>\n<meta property=\"og:locale\" content=\"en_US\" \/>\n<meta property=\"og:type\" content=\"article\" \/>\n<meta property=\"og:title\" content=\"AREA homenageia Dra. Zilah Ramires Ferreira - Area Wordpress\" \/>\n<meta property=\"og:description\" content=\"11\u00ba Pr\u00eamio Milton Silva\" \/>\n<meta property=\"og:url\" content=\"https:\/\/area.owclientes.com.br\/?p=3331\" \/>\n<meta property=\"og:site_name\" content=\"Area Wordpress\" \/>\n<meta property=\"article:publisher\" content=\"https:\/\/www.facebook.com\/areaavare\" \/>\n<meta property=\"article:published_time\" content=\"2026-08-20T11:36:00+00:00\" \/>\n<meta property=\"og:image\" content=\"https:\/\/area.owclientes.com.br\/wp-content\/uploads\/2026\/08\/homenagem1787754987.jpg\" \/>\n\t<meta property=\"og:image:width\" content=\"687\" \/>\n\t<meta property=\"og:image:height\" content=\"786\" \/>\n\t<meta property=\"og:image:type\" content=\"image\/jpeg\" \/>\n<meta name=\"author\" content=\"admin\" \/>\n<meta name=\"twitter:card\" content=\"summary_large_image\" \/>\n<meta name=\"twitter:label1\" content=\"Written by\" \/>\n\t<meta name=\"twitter:data1\" content=\"admin\" \/>\n\t<meta name=\"twitter:label2\" content=\"Est. reading time\" \/>\n\t<meta name=\"twitter:data2\" content=\"3 minutes\" \/>\n<script type=\"application\/ld+json\" class=\"yoast-schema-graph\">{\"@context\":\"https:\\\/\\\/schema.org\",\"@graph\":[{\"@type\":\"Article\",\"@id\":\"https:\\\/\\\/area.owclientes.com.br\\\/?p=3331#article\",\"isPartOf\":{\"@id\":\"https:\\\/\\\/area.owclientes.com.br\\\/?p=3331\"},\"author\":{\"name\":\"admin\",\"@id\":\"https:\\\/\\\/area.owclientes.com.br\\\/#\\\/schema\\\/person\\\/119c1e190225450f461a971e06122401\"},\"headline\":\"AREA homenageia Dra. Zilah Ramires Ferreira\",\"datePublished\":\"2026-08-20T11:36:00+00:00\",\"mainEntityOfPage\":{\"@id\":\"https:\\\/\\\/area.owclientes.com.br\\\/?p=3331\"},\"wordCount\":599,\"publisher\":{\"@id\":\"https:\\\/\\\/area.owclientes.com.br\\\/#organization\"},\"image\":{\"@id\":\"https:\\\/\\\/area.owclientes.com.br\\\/?p=3331#primaryimage\"},\"thumbnailUrl\":\"https:\\\/\\\/area.owclientes.com.br\\\/wp-content\\\/uploads\\\/2026\\\/08\\\/homenagem1787754987.jpg\",\"inLanguage\":\"en-US\"},{\"@type\":\"WebPage\",\"@id\":\"https:\\\/\\\/area.owclientes.com.br\\\/?p=3331\",\"url\":\"https:\\\/\\\/area.owclientes.com.br\\\/?p=3331\",\"name\":\"AREA homenageia Dra. Zilah Ramires Ferreira - Area Wordpress\",\"isPartOf\":{\"@id\":\"https:\\\/\\\/area.owclientes.com.br\\\/#website\"},\"primaryImageOfPage\":{\"@id\":\"https:\\\/\\\/area.owclientes.com.br\\\/?p=3331#primaryimage\"},\"image\":{\"@id\":\"https:\\\/\\\/area.owclientes.com.br\\\/?p=3331#primaryimage\"},\"thumbnailUrl\":\"https:\\\/\\\/area.owclientes.com.br\\\/wp-content\\\/uploads\\\/2026\\\/08\\\/homenagem1787754987.jpg\",\"datePublished\":\"2026-08-20T11:36:00+00:00\",\"breadcrumb\":{\"@id\":\"https:\\\/\\\/area.owclientes.com.br\\\/?p=3331#breadcrumb\"},\"inLanguage\":\"en-US\",\"potentialAction\":[{\"@type\":\"ReadAction\",\"target\":[\"https:\\\/\\\/area.owclientes.com.br\\\/?p=3331\"]}]},{\"@type\":\"ImageObject\",\"inLanguage\":\"en-US\",\"@id\":\"https:\\\/\\\/area.owclientes.com.br\\\/?p=3331#primaryimage\",\"url\":\"https:\\\/\\\/area.owclientes.com.br\\\/wp-content\\\/uploads\\\/2026\\\/08\\\/homenagem1787754987.jpg\",\"contentUrl\":\"https:\\\/\\\/area.owclientes.com.br\\\/wp-content\\\/uploads\\\/2026\\\/08\\\/homenagem1787754987.jpg\",\"width\":687,\"height\":786},{\"@type\":\"BreadcrumbList\",\"@id\":\"https:\\\/\\\/area.owclientes.com.br\\\/?p=3331#breadcrumb\",\"itemListElement\":[{\"@type\":\"ListItem\",\"position\":1,\"name\":\"Home\",\"item\":\"https:\\\/\\\/area.owclientes.com.br\\\/\"},{\"@type\":\"ListItem\",\"position\":2,\"name\":\"AREA homenageia Dra. Zilah Ramires Ferreira\"}]},{\"@type\":\"WebSite\",\"@id\":\"https:\\\/\\\/area.owclientes.com.br\\\/#website\",\"url\":\"https:\\\/\\\/area.owclientes.com.br\\\/\",\"name\":\"AREA\",\"description\":\"\",\"publisher\":{\"@id\":\"https:\\\/\\\/area.owclientes.com.br\\\/#organization\"},\"potentialAction\":[{\"@type\":\"SearchAction\",\"target\":{\"@type\":\"EntryPoint\",\"urlTemplate\":\"https:\\\/\\\/area.owclientes.com.br\\\/?s={search_term_string}\"},\"query-input\":{\"@type\":\"PropertyValueSpecification\",\"valueRequired\":true,\"valueName\":\"search_term_string\"}}],\"inLanguage\":\"en-US\"},{\"@type\":\"Organization\",\"@id\":\"https:\\\/\\\/area.owclientes.com.br\\\/#organization\",\"name\":\"Associa\u00e7\u00e3o Regional dos Engenheiros, Arquitetos e Agr\u00f4nomos de Avar\u00e9\",\"url\":\"https:\\\/\\\/area.owclientes.com.br\\\/\",\"logo\":{\"@type\":\"ImageObject\",\"inLanguage\":\"en-US\",\"@id\":\"https:\\\/\\\/area.owclientes.com.br\\\/#\\\/schema\\\/logo\\\/image\\\/\",\"url\":\"https:\\\/\\\/area.owclientes.com.br\\\/wp-content\\\/uploads\\\/2026\\\/08\\\/logo.png\",\"contentUrl\":\"https:\\\/\\\/area.owclientes.com.br\\\/wp-content\\\/uploads\\\/2026\\\/08\\\/logo.png\",\"width\":377,\"height\":100,\"caption\":\"Associa\u00e7\u00e3o Regional dos Engenheiros, Arquitetos e Agr\u00f4nomos de Avar\u00e9\"},\"image\":{\"@id\":\"https:\\\/\\\/area.owclientes.com.br\\\/#\\\/schema\\\/logo\\\/image\\\/\"},\"sameAs\":[\"https:\\\/\\\/www.facebook.com\\\/areaavare\",\"https:\\\/\\\/www.instagram.com\\\/areaavare\"]},{\"@type\":\"Person\",\"@id\":\"https:\\\/\\\/area.owclientes.com.br\\\/#\\\/schema\\\/person\\\/119c1e190225450f461a971e06122401\",\"name\":\"admin\",\"image\":{\"@type\":\"ImageObject\",\"inLanguage\":\"en-US\",\"@id\":\"https:\\\/\\\/secure.gravatar.com\\\/avatar\\\/0ef05f73fe6c593570f9c12ab9c253f744e5d40fd789df2e9c9152bb491a5559?s=96&d=mm&r=g\",\"url\":\"https:\\\/\\\/secure.gravatar.com\\\/avatar\\\/0ef05f73fe6c593570f9c12ab9c253f744e5d40fd789df2e9c9152bb491a5559?s=96&d=mm&r=g\",\"contentUrl\":\"https:\\\/\\\/secure.gravatar.com\\\/avatar\\\/0ef05f73fe6c593570f9c12ab9c253f744e5d40fd789df2e9c9152bb491a5559?s=96&d=mm&r=g\",\"caption\":\"admin\"},\"sameAs\":[\"https:\\\/\\\/area.owclientes.com.br\"],\"url\":\"https:\\\/\\\/area.owclientes.com.br\\\/?author=1\"}]}<\/script>\n<!-- \/ Yoast SEO plugin. -->","yoast_head_json":{"title":"AREA homenageia Dra. Zilah Ramires Ferreira - Area Wordpress","robots":{"index":"index","follow":"follow","max-snippet":"max-snippet:-1","max-image-preview":"max-image-preview:large","max-video-preview":"max-video-preview:-1"},"canonical":"https:\/\/area.owclientes.com.br\/?p=3331","og_locale":"en_US","og_type":"article","og_title":"AREA homenageia Dra. Zilah Ramires Ferreira - Area Wordpress","og_description":"11\u00ba Pr\u00eamio Milton Silva","og_url":"https:\/\/area.owclientes.com.br\/?p=3331","og_site_name":"Area Wordpress","article_publisher":"https:\/\/www.facebook.com\/areaavare","article_published_time":"2026-08-20T11:36:00+00:00","og_image":[{"width":687,"height":786,"url":"https:\/\/area.owclientes.com.br\/wp-content\/uploads\/2026\/08\/homenagem1787754987.jpg","type":"image\/jpeg"}],"author":"admin","twitter_card":"summary_large_image","twitter_misc":{"Written by":"admin","Est. reading time":"3 minutes"},"schema":{"@context":"https:\/\/schema.org","@graph":[{"@type":"Article","@id":"https:\/\/area.owclientes.com.br\/?p=3331#article","isPartOf":{"@id":"https:\/\/area.owclientes.com.br\/?p=3331"},"author":{"name":"admin","@id":"https:\/\/area.owclientes.com.br\/#\/schema\/person\/119c1e190225450f461a971e06122401"},"headline":"AREA homenageia Dra. Zilah Ramires Ferreira","datePublished":"2026-08-20T11:36:00+00:00","mainEntityOfPage":{"@id":"https:\/\/area.owclientes.com.br\/?p=3331"},"wordCount":599,"publisher":{"@id":"https:\/\/area.owclientes.com.br\/#organization"},"image":{"@id":"https:\/\/area.owclientes.com.br\/?p=3331#primaryimage"},"thumbnailUrl":"https:\/\/area.owclientes.com.br\/wp-content\/uploads\/2026\/08\/homenagem1787754987.jpg","inLanguage":"en-US"},{"@type":"WebPage","@id":"https:\/\/area.owclientes.com.br\/?p=3331","url":"https:\/\/area.owclientes.com.br\/?p=3331","name":"AREA homenageia Dra. Zilah Ramires Ferreira - Area Wordpress","isPartOf":{"@id":"https:\/\/area.owclientes.com.br\/#website"},"primaryImageOfPage":{"@id":"https:\/\/area.owclientes.com.br\/?p=3331#primaryimage"},"image":{"@id":"https:\/\/area.owclientes.com.br\/?p=3331#primaryimage"},"thumbnailUrl":"https:\/\/area.owclientes.com.br\/wp-content\/uploads\/2026\/08\/homenagem1787754987.jpg","datePublished":"2026-08-20T11:36:00+00:00","breadcrumb":{"@id":"https:\/\/area.owclientes.com.br\/?p=3331#breadcrumb"},"inLanguage":"en-US","potentialAction":[{"@type":"ReadAction","target":["https:\/\/area.owclientes.com.br\/?p=3331"]}]},{"@type":"ImageObject","inLanguage":"en-US","@id":"https:\/\/area.owclientes.com.br\/?p=3331#primaryimage","url":"https:\/\/area.owclientes.com.br\/wp-content\/uploads\/2026\/08\/homenagem1787754987.jpg","contentUrl":"https:\/\/area.owclientes.com.br\/wp-content\/uploads\/2026\/08\/homenagem1787754987.jpg","width":687,"height":786},{"@type":"BreadcrumbList","@id":"https:\/\/area.owclientes.com.br\/?p=3331#breadcrumb","itemListElement":[{"@type":"ListItem","position":1,"name":"Home","item":"https:\/\/area.owclientes.com.br\/"},{"@type":"ListItem","position":2,"name":"AREA homenageia Dra. Zilah Ramires Ferreira"}]},{"@type":"WebSite","@id":"https:\/\/area.owclientes.com.br\/#website","url":"https:\/\/area.owclientes.com.br\/","name":"AREA","description":"","publisher":{"@id":"https:\/\/area.owclientes.com.br\/#organization"},"potentialAction":[{"@type":"SearchAction","target":{"@type":"EntryPoint","urlTemplate":"https:\/\/area.owclientes.com.br\/?s={search_term_string}"},"query-input":{"@type":"PropertyValueSpecification","valueRequired":true,"valueName":"search_term_string"}}],"inLanguage":"en-US"},{"@type":"Organization","@id":"https:\/\/area.owclientes.com.br\/#organization","name":"Associa\u00e7\u00e3o Regional dos Engenheiros, Arquitetos e Agr\u00f4nomos de Avar\u00e9","url":"https:\/\/area.owclientes.com.br\/","logo":{"@type":"ImageObject","inLanguage":"en-US","@id":"https:\/\/area.owclientes.com.br\/#\/schema\/logo\/image\/","url":"https:\/\/area.owclientes.com.br\/wp-content\/uploads\/2026\/08\/logo.png","contentUrl":"https:\/\/area.owclientes.com.br\/wp-content\/uploads\/2026\/08\/logo.png","width":377,"height":100,"caption":"Associa\u00e7\u00e3o Regional dos Engenheiros, Arquitetos e Agr\u00f4nomos de Avar\u00e9"},"image":{"@id":"https:\/\/area.owclientes.com.br\/#\/schema\/logo\/image\/"},"sameAs":["https:\/\/www.facebook.com\/areaavare","https:\/\/www.instagram.com\/areaavare"]},{"@type":"Person","@id":"https:\/\/area.owclientes.com.br\/#\/schema\/person\/119c1e190225450f461a971e06122401","name":"admin","image":{"@type":"ImageObject","inLanguage":"en-US","@id":"https:\/\/secure.gravatar.com\/avatar\/0ef05f73fe6c593570f9c12ab9c253f744e5d40fd789df2e9c9152bb491a5559?s=96&d=mm&r=g","url":"https:\/\/secure.gravatar.com\/avatar\/0ef05f73fe6c593570f9c12ab9c253f744e5d40fd789df2e9c9152bb491a5559?s=96&d=mm&r=g","contentUrl":"https:\/\/secure.gravatar.com\/avatar\/0ef05f73fe6c593570f9c12ab9c253f744e5d40fd789df2e9c9152bb491a5559?s=96&d=mm&r=g","caption":"admin"},"sameAs":["https:\/\/area.owclientes.com.br"],"url":"https:\/\/area.owclientes.com.br\/?author=1"}]}},"_links":{"self":[{"href":"https:\/\/area.owclientes.com.br\/index.php?rest_route=\/wp\/v2\/posts\/3331","targetHints":{"allow":["GET"]}}],"collection":[{"href":"https:\/\/area.owclientes.com.br\/index.php?rest_route=\/wp\/v2\/posts"}],"about":[{"href":"https:\/\/area.owclientes.com.br\/index.php?rest_route=\/wp\/v2\/types\/post"}],"author":[{"embeddable":true,"href":"https:\/\/area.owclientes.com.br\/index.php?rest_route=\/wp\/v2\/users\/1"}],"replies":[{"embeddable":true,"href":"https:\/\/area.owclientes.com.br\/index.php?rest_route=%2Fwp%2Fv2%2Fcomments&post=3331"}],"version-history":[{"count":0,"href":"https:\/\/area.owclientes.com.br\/index.php?rest_route=\/wp\/v2\/posts\/3331\/revisions"}],"wp:featuredmedia":[{"embeddable":true,"href":"https:\/\/area.owclientes.com.br\/index.php?rest_route=\/wp\/v2\/media\/3332"}],"wp:attachment":[{"href":"https:\/\/area.owclientes.com.br\/index.php?rest_route=%2Fwp%2Fv2%2Fmedia&parent=3331"}],"wp:term":[{"taxonomy":"category","embeddable":true,"href":"https:\/\/area.owclientes.com.br\/index.php?rest_route=%2Fwp%2Fv2%2Fcategories&post=3331"},{"taxonomy":"post_tag","embeddable":true,"href":"https:\/\/area.owclientes.com.br\/index.php?rest_route=%2Fwp%2Fv2%2Ftags&post=3331"}],"curies":[{"name":"wp","href":"https:\/\/api.w.org\/{rel}","templated":true}]}}